{"id":251,"date":"2011-03-04T22:57:41","date_gmt":"2011-03-04T22:57:41","guid":{"rendered":""},"modified":"2021-02-28T22:32:53","modified_gmt":"2021-02-28T21:32:53","slug":"a-weather-intervista-2008","status":"publish","type":"post","link":"https:\/\/www.musicletter.it\/luca\/2011\/03\/04\/a-weather-intervista-2008\/","title":{"rendered":"A Weather &#8211; Intervista (2008)"},"content":{"rendered":"\n<p><img decoding=\"async\" class=\"center\" title=\"aweatherjpg.jpg\" src=\"http:\/\/www.musicletter.it\/imageblog\/aweatherjpg.jpg\" alt=\"aweatherjpg.jpg\"><br><em>\u201cCove\u201d \u00e8 l\u2019esordio degli A Weather, formazione di Portland (Oregon) artefice di un album di canzoni malinconiche ma estremamente intriganti, a met\u00e0 strada tra folk e dream pop. Un debutto sicuramente di non facile presa per via delle sue atmosfere intense e dei suoi ritmi blandi, tuttavia, \u201cCove\u201d \u00e8 un disco madido di vibrante poesia e parabole sonore che potrebbero ricordare qualcosa dei Dakota Suite e L\u2019Altra ma anche dei Kings Of Conveniece. Un gruppo che attraversa con attitudine indie certi ambienti musicali cari agli appassionati del cosiddetto New Acoustic Movement. In occasione dell\u2019uscita discografica abbiamo preso subito la palla al balzo per fare due chiacchiare con Aaron Gerber, voce e chitarra della formazione americana. <\/em><\/p>\n\n\n\n<p><strong>Oh, mio Dio, anche voi di Portland! Negli ultimi anni da questa citt\u00e0 stanno venendo fuori un numero considerevole di artisti e di band che fanno buona musica. Mi dici cosa sta succedendo da quelle parti? <\/strong><br>Ho trovato Portland come il posto ideale per una band che vuole iniziare a suonare e farsi conoscere. La comunit\u00e0 musicale \u00e8 una comunit\u00e0 nel vero senso della parola. Le persone si aiutano a vicenda e i musicisti sono disponibili e vivono con i piedi per terra. A parte questo c\u2019\u00e8 un sacco di buona musica che sta nascendo: Laura Gibson, Weinland, Loch Lomond, Horse Feathers etc. \u00c8 una sorta di casualit\u00e0 che ci siamo trovati qui per\u00f2 sembra che il nostro stile musicale abbastanza tranquillo si adatti perfettamente alla visione musicale che gli Stati Uniti e il mondo hanno nei confronti di Portland.<\/p>\n\n\n\n<p><strong>Pensi che da quelle parti stia nascendo un nuovo movimento culturale e musicale? Qual \u00e8 il segreto di questa citt\u00e0? <\/strong><br>Non credo ci sia un segreto. Io penso che Portland attragga i musicisti che vengono da altri paesi come una specie di mecca creativa, ma non penso ci sia qualche codice nascosto e indecifrabile nel modo in cui le cose avvengono. Le gente qui ha un genuino interesse nel creare arte, ma sono sicuro che \u00e8 cosi da qualsiasi altra parte del mondo. Personalmente non mi sento parte di un movimento. Come ti dicevo, noi suoniamo la nostra musica che potrebbe essere simile a quella di altre band di Portland, ma nonostante tutto \u00e8 particolare, insolita e personale. Noi avremmo suonato questo tipo di musica indipendentemente dal posto in cui avremmo vissuto.<\/p>\n\n\n\n<p><strong>Ok, parliamo ora del gruppo. Come e quando sono nati gli \u201cA Weather\u201d?<\/strong><br>Gli \u201cA Weather\u201d si sono formati nel Gennaio 2007, poco pi\u00f9 di un anno fa. Tutto \u00e8 iniziato come progetto solista sul quale stavo lavorando quando mi sono trasferito a Portland nel 2005. Volevo inanzitutto saltar fuori dalla mia camera da letto e fare qualche concerto ma ero terrorizzato di affrontare questa esperienza da solo, quindi ho cercato dei musicisti con cui condividere il palco e il peso di questa pressione. Abbiamo inziato a suonare in piccoli locali con una formazione sparsa, infine siamo arrivati a suonare con 3 chitarristi, 1 basso, una batteria e 2 cantanti\u2026e questa formazione era la combinazione perfetta.<\/p>\n\n\n\n<p><strong>Perch\u00e8 \u201cA Weather\u201d? <\/strong><br>Amo la natura nebulosa di questo nome. La mancanza di uno specifico o concreto immaginario lascia il nome aperto a qualsiasi sfumatura che la nostra musica pu\u00f2 evocare. Il nome non crea necessariamente un preconcetto nell\u2019ascoltatore. \u00c8 un nome neutrale. Per un momento sono stato interessato al tempo, alle stagioni, alle ore del giorno e agli altri significati che diamo allo scorrere della nostra vita. Ecco, questo \u00e8 il motivo per cui il nostro gruppo si chiama cos\u00ec.<\/p>\n\n\n\n<p><strong>\u201cCove\u201d \u00e8 un album delizioso, un mix perfetto di musica folk e pop dove \u00e8 possibile ravvisarci influenze recenti e passate, penso per esempio a Simon &amp; Garfunkel, ai Dakota Suite, a L\u2019Altra e a tutto il New Acoustic Movement. A cosa o a chi vi siete ispirati nel realizzare l\u2019album? <\/strong><br>Le ispirazioni o influenze, per me sono molto pi\u00f9 frequenti durante la scrittura e l\u2019arrangiamento delle canzoni. Mentre siamo in studio \u00e8 importante solo registrare e mettere i pezzi al posto giusto. Il resto non conta quando una canzone \u00e8 stata mixata o arrangiata in studio. Quando scrivo \u00e8 diverso perch\u00e8 sto ancora modellando la musica con i frammenti della vita di ogni giorno, lo stress e l\u2019idiosincrasia di vivere che inevitabilmente giocano una parte rilevante nel processo di scrittura. Penso costantemente anche a come una canzone si adatti all\u2019album, se i brani sono troppo simili e se hanno un filo logico\u2026 Non mi stupisce il tuo riferimento a Paul Simon. Pitchfork ha comparato la mia voce con la sua in una canzone. \u00c8 stato un grande complimento per me.<\/p>\n\n\n\n<p><strong>Questo alternarsi di voci tra te e Sarah \u00e8 stato qualcosa di intenzionale o un\u2019idea che si \u00e8 sviluppata durante la realizzazione del disco come naturale conseguenza nel cantare e suonare assieme? <\/strong><br>Non volevo essere il solista della band e nemmeno il leader. Pensavo fosse pi\u00f9 interessante avere a disposizione due voci autonome che potessero lavorare insieme pur mantenendo una certa indipendenza. Mi annoia l\u2019idea stereotipata del cantante associato alla corista. Io e Sarah abbiamo cantato insieme per quasi due anni. Passiamo ancora un sacco di tempo rielaborando le nostre parti. A volte lei apporta a una canzone, che io ritenevo gi\u00e0 completa, qualcosa di completamente inaspettato e questo \u00e8 ci\u00f2 che pi\u00f9 mi appaga nell\u2019avere due cantanti nella band.<\/p>\n\n\n\n<p><strong>Avete lavorato molto su questo album d\u2019esordio?<\/strong><br>Abbiamo iniziato le registrazioni a met\u00e0 del mese di Luglio nel 2007 e finito di mixare nella met\u00e0 del mese di Agosto. Avevamo lavorato sulle canzoni per un anno intero, poi abbiamo speso il primo mese per la registrazione e l\u2019altro per gli aggiustamenti finali; cos\u00ec il tempo nello studio di registrazione, anche se breve, \u00e8 stato molto produttivo dando l\u2019esito desiderato.<\/p>\n\n\n\n<p><strong>Come nascono le vostre canzoni?<\/strong><br>Come gi\u00e0 detto, molti dei miei testi si riferiscono a fatti di vita quotidiana, ricordi o stati d\u2019animo particolari. Io non cerco di ordinare queste idee fin dall\u2019inizio, lascio che si liberino nella mia mente e successivamente le organizzo. Poi inizio a lavorare sul ritmo, le rime, e ogni altro aspetto formale legato al testo. Cerco sempre di mantenere una distanza tra me stesso e il mio lavoro, in particolare quando sento che mi sto inoltrando in un\u2019area che mi suscita troppe emozioni; cerco di alleggerire alcuni dei temi piu pesanti con qualcosa di pi\u00f9 leggero o ironico. Con questo non penso di fare torto alle mie emozioni; penso che quello che molti di noi musicisti fanno (nel bene e nel male) \u00e8 cercare di essere utili alla gente. Normalmente l\u2019impeto di una canzone \u00e8 una melodia che sta al di sopra degli accordi di base. La parte pi\u00f9 difficile \u00e8 trovare un testo che si sposi bene con la melodia senza che questa sia insopportabile o banale.<\/p>\n\n\n\n<p><strong>La copertina del disco \u00e8 meravigliosa: un piccolo elefante che cammina da solo sulla spiaggia. L\u2019immagine rappresentata rende perfettamente l\u2019atmosfera che si respira ascoltando il disco. Chi \u00e8 l\u2019autore del disegno?<\/strong><br>Sarah ha disegnato la copertina insieme alle immagini contenute all\u2019interno del cd. Sono molto soddisfatto del risultato finale. Lei passa molto tempo a dipingere e i suoi disegni sono in perfetta sintonia con il tipo di musica che suoniamo.<\/p>\n\n\n\n<p><strong>La critica e il pubblico in generale come hanno accolto il vostro esordio?<\/strong><br>Le risposte sono state incredibilmente positive. Ci sentiamo veramente fortunati in quanto sia i nostri fan che i critici musicali hanno capito cosa volevamo realmente realizzare con questo disco e hanno preso del tempo per scrivere qualcosa di positivo e ci hanno fatto sapere quanto gli era realmente piaciuto. Non \u00e8 un disco immediato ma mi fa piacere che la gente gli abbia concesso del tempo per capirlo e non si \u00e8 fermata a un ascolto superficiale.<\/p>\n\n\n\n<p><strong>Per caso avete gi\u00e0 in mente il secondo album?<\/strong><br>\u00c8 ancora presto per parlarne. Abbiamo scritto delle nuove canzoni che eseguiamo durante i nostri live, ma non sappiamo ancora quale sar\u00e0 la loro fine. Lavoriamo sempre su del materiale nuovo, ma credo che per un p\u00f2 la nostra attenzione sar\u00e0 focalizzata su questo disco.<\/p>\n\n\n\n<p><strong>Spero di vedervi presto in Europa, soprattutto in Italia e in Polonia. <\/strong><br>Ci piacerebbe visitare l\u2019Europa. Non sono mai stato in Italia e neanche in Polonia ma ci piacerebbe tanto venirci. Ho trascorso qualche mese in Grecia e ne sento gi\u00e0 la mancanza.<\/p>\n\n\n\n<p>ML &#8211; UPDATE N. 54 (2008-05-10)<\/p>\n\n\n\n<p><iframe loading=\"lazy\" title=\"YouTube video player\" src=\"http:\/\/www.youtube.com\/embed\/QVPtMpJaIgo\" width=\"560\" height=\"349\" frameborder=\"0\" allowfullscreen=\"allowfullscreen\"><\/iframe><\/p>\n","protected":false},"excerpt":{"rendered":"<p>\u201cCove\u201d \u00e8 l\u2019esordio degli A Weather, formazione di Portland (Oregon) artefice di un album di canzoni malinconiche ma estremamente intriganti, a met\u00e0 strada tra folk e dream pop. Un debutto sicuramente di non facile presa per via delle sue atmosfere intense e dei suoi ritmi blandi, tuttavia, \u201cCove\u201d \u00e8 un disco madido di vibrante poesia&hellip;<\/p>\n","protected":false},"author":1,"featured_media":0,"comment_status":"open","ping_status":"open","sticky":false,"template":"","format":"standard","meta":{"footnotes":""},"categories":[3,2,6],"tags":[],"class_list":["post-251","post","type-post","status-publish","format-standard","hentry","category-film","category-musica","category-video"],"yoast_head":"<!-- This site is optimized with the Yoast SEO plugin v27.4 - https:\/\/yoast.com\/product\/yoast-seo-wordpress\/ -->\r\n<title>A Weather - Intervista (2008) &#8902; Il blog di Luca D&#039;Ambrosio<\/title>\r\n<meta name=\"description\" content=\"L&#039;amore per un disco \u00e8 un sentimento reale (Luca D&#039;Ambrosio)\" \/>\r\n<meta name=\"robots\" content=\"index, follow, max-snippet:-1, max-image-preview:large, max-video-preview:-1\" \/>\r\n<link rel=\"canonical\" href=\"https:\/\/www.musicletter.it\/luca\/2011\/03\/04\/a-weather-intervista-2008\/\" \/>\r\n<meta property=\"og:locale\" content=\"it_IT\" \/>\r\n<meta property=\"og:type\" content=\"article\" \/>\r\n<meta property=\"og:title\" content=\"A Weather - Intervista (2008) &#8902; Il blog di Luca D&#039;Ambrosio\" \/>\r\n<meta property=\"og:description\" content=\"L&#039;amore per un disco \u00e8 un sentimento reale (Luca D&#039;Ambrosio)\" \/>\r\n<meta property=\"og:url\" content=\"https:\/\/www.musicletter.it\/luca\/2011\/03\/04\/a-weather-intervista-2008\/\" \/>\r\n<meta property=\"og:site_name\" content=\"Il blog di Luca D&#039;Ambrosio\" \/>\r\n<meta property=\"article:publisher\" content=\"https:\/\/www.facebook.com\/luca.dambrosio\" \/>\r\n<meta property=\"article:author\" content=\"https:\/\/www.facebook.com\/luca.dambrosio\" \/>\r\n<meta property=\"article:published_time\" content=\"2011-03-04T22:57:41+00:00\" \/>\r\n<meta property=\"article:modified_time\" content=\"2021-02-28T21:32:53+00:00\" \/>\r\n<meta property=\"og:image\" content=\"http:\/\/www.musicletter.it\/imageblog\/aweatherjpg.jpg\" \/>\r\n<meta name=\"author\" content=\"Luca D&#039;Ambrosio\" \/>\r\n<meta name=\"twitter:card\" content=\"summary_large_image\" \/>\r\n<meta name=\"twitter:creator\" content=\"@lucadambrosio\" \/>\r\n<meta name=\"twitter:site\" content=\"@lucadambrosio\" \/>\r\n<meta name=\"twitter:label1\" content=\"Scritto da\" \/>\n\t<meta name=\"twitter:data1\" content=\"Luca D&#039;Ambrosio\" \/>\n\t<meta name=\"twitter:label2\" content=\"Tempo di lettura stimato\" \/>\n\t<meta name=\"twitter:data2\" content=\"7 minuti\" \/>\r\n<script type=\"application\/ld+json\" class=\"yoast-schema-graph\">{\"@context\":\"https:\\\/\\\/schema.org\",\"@graph\":[{\"@type\":\"NewsArticle\",\"@id\":\"https:\\\/\\\/www.musicletter.it\\\/luca\\\/2011\\\/03\\\/04\\\/a-weather-intervista-2008\\\/#article\",\"isPartOf\":{\"@id\":\"https:\\\/\\\/www.musicletter.it\\\/luca\\\/2011\\\/03\\\/04\\\/a-weather-intervista-2008\\\/\"},\"author\":{\"name\":\"Luca D'Ambrosio\",\"@id\":\"https:\\\/\\\/www.musicletter.it\\\/luca\\\/#\\\/schema\\\/person\\\/08de73e3eb2c4dc14f20c44f89e021ac\"},\"headline\":\"A Weather &#8211; Intervista (2008)\",\"datePublished\":\"2011-03-04T22:57:41+00:00\",\"dateModified\":\"2021-02-28T21:32:53+00:00\",\"mainEntityOfPage\":{\"@id\":\"https:\\\/\\\/www.musicletter.it\\\/luca\\\/2011\\\/03\\\/04\\\/a-weather-intervista-2008\\\/\"},\"wordCount\":1385,\"commentCount\":0,\"publisher\":{\"@id\":\"https:\\\/\\\/www.musicletter.it\\\/luca\\\/#\\\/schema\\\/person\\\/08de73e3eb2c4dc14f20c44f89e021ac\"},\"image\":{\"@id\":\"https:\\\/\\\/www.musicletter.it\\\/luca\\\/2011\\\/03\\\/04\\\/a-weather-intervista-2008\\\/#primaryimage\"},\"thumbnailUrl\":\"http:\\\/\\\/www.musicletter.it\\\/imageblog\\\/aweatherjpg.jpg\",\"articleSection\":[\"film\",\"musica\",\"video\"],\"inLanguage\":\"it-IT\",\"potentialAction\":[{\"@type\":\"CommentAction\",\"name\":\"Comment\",\"target\":[\"https:\\\/\\\/www.musicletter.it\\\/luca\\\/2011\\\/03\\\/04\\\/a-weather-intervista-2008\\\/#respond\"]}]},{\"@type\":\"WebPage\",\"@id\":\"https:\\\/\\\/www.musicletter.it\\\/luca\\\/2011\\\/03\\\/04\\\/a-weather-intervista-2008\\\/\",\"url\":\"https:\\\/\\\/www.musicletter.it\\\/luca\\\/2011\\\/03\\\/04\\\/a-weather-intervista-2008\\\/\",\"name\":\"A Weather - Intervista (2008) &#8902; Il blog di Luca D&#039;Ambrosio\",\"isPartOf\":{\"@id\":\"https:\\\/\\\/www.musicletter.it\\\/luca\\\/#website\"},\"primaryImageOfPage\":{\"@id\":\"https:\\\/\\\/www.musicletter.it\\\/luca\\\/2011\\\/03\\\/04\\\/a-weather-intervista-2008\\\/#primaryimage\"},\"image\":{\"@id\":\"https:\\\/\\\/www.musicletter.it\\\/luca\\\/2011\\\/03\\\/04\\\/a-weather-intervista-2008\\\/#primaryimage\"},\"thumbnailUrl\":\"http:\\\/\\\/www.musicletter.it\\\/imageblog\\\/aweatherjpg.jpg\",\"datePublished\":\"2011-03-04T22:57:41+00:00\",\"dateModified\":\"2021-02-28T21:32:53+00:00\",\"description\":\"L'amore per un disco \u00e8 un sentimento reale (Luca D'Ambrosio)\",\"breadcrumb\":{\"@id\":\"https:\\\/\\\/www.musicletter.it\\\/luca\\\/2011\\\/03\\\/04\\\/a-weather-intervista-2008\\\/#breadcrumb\"},\"inLanguage\":\"it-IT\",\"potentialAction\":[{\"@type\":\"ReadAction\",\"target\":[\"https:\\\/\\\/www.musicletter.it\\\/luca\\\/2011\\\/03\\\/04\\\/a-weather-intervista-2008\\\/\"]}]},{\"@type\":\"ImageObject\",\"inLanguage\":\"it-IT\",\"@id\":\"https:\\\/\\\/www.musicletter.it\\\/luca\\\/2011\\\/03\\\/04\\\/a-weather-intervista-2008\\\/#primaryimage\",\"url\":\"http:\\\/\\\/www.musicletter.it\\\/imageblog\\\/aweatherjpg.jpg\",\"contentUrl\":\"http:\\\/\\\/www.musicletter.it\\\/imageblog\\\/aweatherjpg.jpg\"},{\"@type\":\"BreadcrumbList\",\"@id\":\"https:\\\/\\\/www.musicletter.it\\\/luca\\\/2011\\\/03\\\/04\\\/a-weather-intervista-2008\\\/#breadcrumb\",\"itemListElement\":[{\"@type\":\"ListItem\",\"position\":1,\"name\":\"Home\",\"item\":\"https:\\\/\\\/www.musicletter.it\\\/luca\\\/\"},{\"@type\":\"ListItem\",\"position\":2,\"name\":\"film\",\"item\":\"https:\\\/\\\/www.musicletter.it\\\/luca\\\/film\\\/\"},{\"@type\":\"ListItem\",\"position\":3,\"name\":\"A Weather &#8211; Intervista (2008)\"}]},{\"@type\":\"WebSite\",\"@id\":\"https:\\\/\\\/www.musicletter.it\\\/luca\\\/#website\",\"url\":\"https:\\\/\\\/www.musicletter.it\\\/luca\\\/\",\"name\":\"Il blog di Luca D'Ambrosio (L'amore per un disco \u00e8 un sentimento reale)\",\"description\":\"L&#039;amore per un disco \u00e8 un sentimento reale\",\"publisher\":{\"@id\":\"https:\\\/\\\/www.musicletter.it\\\/luca\\\/#\\\/schema\\\/person\\\/08de73e3eb2c4dc14f20c44f89e021ac\"},\"potentialAction\":[{\"@type\":\"SearchAction\",\"target\":{\"@type\":\"EntryPoint\",\"urlTemplate\":\"https:\\\/\\\/www.musicletter.it\\\/luca\\\/?s={search_term_string}\"},\"query-input\":{\"@type\":\"PropertyValueSpecification\",\"valueRequired\":true,\"valueName\":\"search_term_string\"}}],\"inLanguage\":\"it-IT\"},{\"@type\":[\"Person\",\"Organization\"],\"@id\":\"https:\\\/\\\/www.musicletter.it\\\/luca\\\/#\\\/schema\\\/person\\\/08de73e3eb2c4dc14f20c44f89e021ac\",\"name\":\"Luca D'Ambrosio\",\"image\":{\"@type\":\"ImageObject\",\"inLanguage\":\"it-IT\",\"@id\":\"https:\\\/\\\/www.musicletter.it\\\/luca\\\/wp-content\\\/uploads\\\/2020\\\/04\\\/unnamed-side.png\",\"url\":\"https:\\\/\\\/www.musicletter.it\\\/luca\\\/wp-content\\\/uploads\\\/2020\\\/04\\\/unnamed-side.png\",\"contentUrl\":\"https:\\\/\\\/www.musicletter.it\\\/luca\\\/wp-content\\\/uploads\\\/2020\\\/04\\\/unnamed-side.png\",\"width\":2453,\"height\":500,\"caption\":\"Luca D'Ambrosio\"},\"logo\":{\"@id\":\"https:\\\/\\\/www.musicletter.it\\\/luca\\\/wp-content\\\/uploads\\\/2020\\\/04\\\/unnamed-side.png\"},\"description\":\"Luca D'Ambrosio (Sora, 1970) \u00e8 un blogger appassionato di musica. Fondatore e responsabile del sito di informazione musicale e culturale Musicletter.it, in passato ha scritto per riviste e magazine online e ha contribuito a diverse pubblicazioni editoriali. \u00c8 stato consulente musicale di due programmi radiofonici della Rappresentanza in Italia della Commissione europea nonch\u00e9 ideatore del Premio nazionale per il giornalismo musicale sul web. Collaboratore di lunga data del MEI, il Meeting delle Etichette Indipendenti, dal 2012 fa parte della giuria delle Targhe Tenco. Per Arcana Edizioni ha scritto tre libri: \\\"La musica, per me\\\" (2018), \\\"Musica migrante\\\" (2019) e \\\"Musica per cani\\\" (2020). Inoltre ha conseguito dei riconoscimenti nell'ambito del Festival di Internazionale a Ferrara e del Festival Nazionale dei Conservatori a Frosinone. \\\"Voci Chiassose\\\" (1996) \u00e8 la sua prima pubblicazione autoprodotta, ristampata, sempre autonomamente, nel 2021. A febbraio 2023 entra a fa parte dei 150 membri della giuria della sala stampa, radio, tv e web del 73\u00b0 Festival di Sanremo.\",\"sameAs\":[\"https:\\\/\\\/www.musicletter.it\\\/luca\",\"https:\\\/\\\/www.facebook.com\\\/luca.dambrosio\",\"https:\\\/\\\/www.instagram\\\/lucadambrosio70\",\"https:\\\/\\\/www.linkedin.com\\\/in\\\/dambrosioluca\\\/\",\"https:\\\/\\\/x.com\\\/lucadambrosio\"]}]}<\/script>\r\n<!-- \/ Yoast SEO plugin. -->","yoast_head_json":{"title":"A Weather - Intervista (2008) &#8902; Il blog di Luca D&#039;Ambrosio","description":"L'amore per un disco \u00e8 un sentimento reale (Luca D'Ambrosio)","robots":{"index":"index","follow":"follow","max-snippet":"max-snippet:-1","max-image-preview":"max-image-preview:large","max-video-preview":"max-video-preview:-1"},"canonical":"https:\/\/www.musicletter.it\/luca\/2011\/03\/04\/a-weather-intervista-2008\/","og_locale":"it_IT","og_type":"article","og_title":"A Weather - Intervista (2008) &#8902; Il blog di Luca D&#039;Ambrosio","og_description":"L'amore per un disco \u00e8 un sentimento reale (Luca D'Ambrosio)","og_url":"https:\/\/www.musicletter.it\/luca\/2011\/03\/04\/a-weather-intervista-2008\/","og_site_name":"Il blog di Luca D&#039;Ambrosio","article_publisher":"https:\/\/www.facebook.com\/luca.dambrosio","article_author":"https:\/\/www.facebook.com\/luca.dambrosio","article_published_time":"2011-03-04T22:57:41+00:00","article_modified_time":"2021-02-28T21:32:53+00:00","og_image":[{"url":"http:\/\/www.musicletter.it\/imageblog\/aweatherjpg.jpg","type":"","width":"","height":""}],"author":"Luca D'Ambrosio","twitter_card":"summary_large_image","twitter_creator":"@lucadambrosio","twitter_site":"@lucadambrosio","twitter_misc":{"Scritto da":"Luca D'Ambrosio","Tempo di lettura stimato":"7 minuti"},"schema":{"@context":"https:\/\/schema.org","@graph":[{"@type":"NewsArticle","@id":"https:\/\/www.musicletter.it\/luca\/2011\/03\/04\/a-weather-intervista-2008\/#article","isPartOf":{"@id":"https:\/\/www.musicletter.it\/luca\/2011\/03\/04\/a-weather-intervista-2008\/"},"author":{"name":"Luca D'Ambrosio","@id":"https:\/\/www.musicletter.it\/luca\/#\/schema\/person\/08de73e3eb2c4dc14f20c44f89e021ac"},"headline":"A Weather &#8211; Intervista (2008)","datePublished":"2011-03-04T22:57:41+00:00","dateModified":"2021-02-28T21:32:53+00:00","mainEntityOfPage":{"@id":"https:\/\/www.musicletter.it\/luca\/2011\/03\/04\/a-weather-intervista-2008\/"},"wordCount":1385,"commentCount":0,"publisher":{"@id":"https:\/\/www.musicletter.it\/luca\/#\/schema\/person\/08de73e3eb2c4dc14f20c44f89e021ac"},"image":{"@id":"https:\/\/www.musicletter.it\/luca\/2011\/03\/04\/a-weather-intervista-2008\/#primaryimage"},"thumbnailUrl":"http:\/\/www.musicletter.it\/imageblog\/aweatherjpg.jpg","articleSection":["film","musica","video"],"inLanguage":"it-IT","potentialAction":[{"@type":"CommentAction","name":"Comment","target":["https:\/\/www.musicletter.it\/luca\/2011\/03\/04\/a-weather-intervista-2008\/#respond"]}]},{"@type":"WebPage","@id":"https:\/\/www.musicletter.it\/luca\/2011\/03\/04\/a-weather-intervista-2008\/","url":"https:\/\/www.musicletter.it\/luca\/2011\/03\/04\/a-weather-intervista-2008\/","name":"A Weather - Intervista (2008) &#8902; Il blog di Luca D&#039;Ambrosio","isPartOf":{"@id":"https:\/\/www.musicletter.it\/luca\/#website"},"primaryImageOfPage":{"@id":"https:\/\/www.musicletter.it\/luca\/2011\/03\/04\/a-weather-intervista-2008\/#primaryimage"},"image":{"@id":"https:\/\/www.musicletter.it\/luca\/2011\/03\/04\/a-weather-intervista-2008\/#primaryimage"},"thumbnailUrl":"http:\/\/www.musicletter.it\/imageblog\/aweatherjpg.jpg","datePublished":"2011-03-04T22:57:41+00:00","dateModified":"2021-02-28T21:32:53+00:00","description":"L'amore per un disco \u00e8 un sentimento reale (Luca D'Ambrosio)","breadcrumb":{"@id":"https:\/\/www.musicletter.it\/luca\/2011\/03\/04\/a-weather-intervista-2008\/#breadcrumb"},"inLanguage":"it-IT","potentialAction":[{"@type":"ReadAction","target":["https:\/\/www.musicletter.it\/luca\/2011\/03\/04\/a-weather-intervista-2008\/"]}]},{"@type":"ImageObject","inLanguage":"it-IT","@id":"https:\/\/www.musicletter.it\/luca\/2011\/03\/04\/a-weather-intervista-2008\/#primaryimage","url":"http:\/\/www.musicletter.it\/imageblog\/aweatherjpg.jpg","contentUrl":"http:\/\/www.musicletter.it\/imageblog\/aweatherjpg.jpg"},{"@type":"BreadcrumbList","@id":"https:\/\/www.musicletter.it\/luca\/2011\/03\/04\/a-weather-intervista-2008\/#breadcrumb","itemListElement":[{"@type":"ListItem","position":1,"name":"Home","item":"https:\/\/www.musicletter.it\/luca\/"},{"@type":"ListItem","position":2,"name":"film","item":"https:\/\/www.musicletter.it\/luca\/film\/"},{"@type":"ListItem","position":3,"name":"A Weather &#8211; Intervista (2008)"}]},{"@type":"WebSite","@id":"https:\/\/www.musicletter.it\/luca\/#website","url":"https:\/\/www.musicletter.it\/luca\/","name":"Il blog di Luca D'Ambrosio (L'amore per un disco \u00e8 un sentimento reale)","description":"L&#039;amore per un disco \u00e8 un sentimento reale","publisher":{"@id":"https:\/\/www.musicletter.it\/luca\/#\/schema\/person\/08de73e3eb2c4dc14f20c44f89e021ac"},"potentialAction":[{"@type":"SearchAction","target":{"@type":"EntryPoint","urlTemplate":"https:\/\/www.musicletter.it\/luca\/?s={search_term_string}"},"query-input":{"@type":"PropertyValueSpecification","valueRequired":true,"valueName":"search_term_string"}}],"inLanguage":"it-IT"},{"@type":["Person","Organization"],"@id":"https:\/\/www.musicletter.it\/luca\/#\/schema\/person\/08de73e3eb2c4dc14f20c44f89e021ac","name":"Luca D'Ambrosio","image":{"@type":"ImageObject","inLanguage":"it-IT","@id":"https:\/\/www.musicletter.it\/luca\/wp-content\/uploads\/2020\/04\/unnamed-side.png","url":"https:\/\/www.musicletter.it\/luca\/wp-content\/uploads\/2020\/04\/unnamed-side.png","contentUrl":"https:\/\/www.musicletter.it\/luca\/wp-content\/uploads\/2020\/04\/unnamed-side.png","width":2453,"height":500,"caption":"Luca D'Ambrosio"},"logo":{"@id":"https:\/\/www.musicletter.it\/luca\/wp-content\/uploads\/2020\/04\/unnamed-side.png"},"description":"Luca D'Ambrosio (Sora, 1970) \u00e8 un blogger appassionato di musica. Fondatore e responsabile del sito di informazione musicale e culturale Musicletter.it, in passato ha scritto per riviste e magazine online e ha contribuito a diverse pubblicazioni editoriali. \u00c8 stato consulente musicale di due programmi radiofonici della Rappresentanza in Italia della Commissione europea nonch\u00e9 ideatore del Premio nazionale per il giornalismo musicale sul web. Collaboratore di lunga data del MEI, il Meeting delle Etichette Indipendenti, dal 2012 fa parte della giuria delle Targhe Tenco. Per Arcana Edizioni ha scritto tre libri: \"La musica, per me\" (2018), \"Musica migrante\" (2019) e \"Musica per cani\" (2020). Inoltre ha conseguito dei riconoscimenti nell'ambito del Festival di Internazionale a Ferrara e del Festival Nazionale dei Conservatori a Frosinone. \"Voci Chiassose\" (1996) \u00e8 la sua prima pubblicazione autoprodotta, ristampata, sempre autonomamente, nel 2021. A febbraio 2023 entra a fa parte dei 150 membri della giuria della sala stampa, radio, tv e web del 73\u00b0 Festival di Sanremo.","sameAs":["https:\/\/www.musicletter.it\/luca","https:\/\/www.facebook.com\/luca.dambrosio","https:\/\/www.instagram\/lucadambrosio70","https:\/\/www.linkedin.com\/in\/dambrosioluca\/","https:\/\/x.com\/lucadambrosio"]}]}},"_links":{"self":[{"href":"https:\/\/www.musicletter.it\/luca\/wp-json\/wp\/v2\/posts\/251","targetHints":{"allow":["GET"]}}],"collection":[{"href":"https:\/\/www.musicletter.it\/luca\/wp-json\/wp\/v2\/posts"}],"about":[{"href":"https:\/\/www.musicletter.it\/luca\/wp-json\/wp\/v2\/types\/post"}],"author":[{"embeddable":true,"href":"https:\/\/www.musicletter.it\/luca\/wp-json\/wp\/v2\/users\/1"}],"replies":[{"embeddable":true,"href":"https:\/\/www.musicletter.it\/luca\/wp-json\/wp\/v2\/comments?post=251"}],"version-history":[{"count":1,"href":"https:\/\/www.musicletter.it\/luca\/wp-json\/wp\/v2\/posts\/251\/revisions"}],"predecessor-version":[{"id":727,"href":"https:\/\/www.musicletter.it\/luca\/wp-json\/wp\/v2\/posts\/251\/revisions\/727"}],"wp:attachment":[{"href":"https:\/\/www.musicletter.it\/luca\/wp-json\/wp\/v2\/media?parent=251"}],"wp:term":[{"taxonomy":"category","embeddable":true,"href":"https:\/\/www.musicletter.it\/luca\/wp-json\/wp\/v2\/categories?post=251"},{"taxonomy":"post_tag","embeddable":true,"href":"https:\/\/www.musicletter.it\/luca\/wp-json\/wp\/v2\/tags?post=251"}],"curies":[{"name":"wp","href":"https:\/\/api.w.org\/{rel}","templated":true}]}}