{"id":253,"date":"2011-03-04T21:23:25","date_gmt":"2011-03-04T21:23:25","guid":{"rendered":""},"modified":"2022-09-26T10:13:07","modified_gmt":"2022-09-26T08:13:07","slug":"intervista-a-luciano-ligabue-1992","status":"publish","type":"post","link":"https:\/\/www.musicletter.it\/luca\/2011\/03\/04\/intervista-a-luciano-ligabue-1992\/","title":{"rendered":"Intervista a Luciano Ligabue (1992)"},"content":{"rendered":"\n<p class=\"has-drop-cap\">Mentre rovistavo tra le mie vecchie audiocassette, \u00e8 saltata fuori questa intervista a Luciano Ligabue registrata poco prima del concerto al Centro Fiere di Alatri (Frosinone, 6 marzo 1992), all\u2019indomani del suo secondo album \u201cLambrusco, Coltelli, Rose &amp; Popcorn\u201d.<\/p>\n\n\n\n<p><mark style=\"background-color:rgba(0, 0, 0, 0)\" class=\"has-inline-color has-accent-color\"><strong>Ricordi di rock\u2019n&#8217;roll<\/strong> \u00a9<\/mark> di <em>Luca D\u2019Ambrosio<\/em><\/p>\n\n\n\n<figure class=\"wp-block-image size-large\"><img loading=\"lazy\" decoding=\"async\" width=\"530\" height=\"340\" src=\"https:\/\/www.musicletter.it\/luca\/wp-content\/uploads\/2011\/03\/hf-60-ligabue.jpg\" alt=\"Intervista a Ligabue del 6 marzo 1992\" class=\"wp-image-844\" srcset=\"https:\/\/www.musicletter.it\/luca\/wp-content\/uploads\/2011\/03\/hf-60-ligabue.jpg 530w, https:\/\/www.musicletter.it\/luca\/wp-content\/uploads\/2011\/03\/hf-60-ligabue-300x192.jpg 300w\" sizes=\"auto, (max-width: 530px) 100vw, 530px\" \/><figcaption>Intervista a Ligabue del 6 marzo 1992<\/figcaption><\/figure>\n\n\n\n<blockquote class=\"wp-block-quote is-layout-flow wp-block-quote-is-layout-flow\"><p><strong>Prima che realizzassi il tuo primo disco, due delle tue canzoni, Sogni di Rock\u2019n\u2019roll e Figlio di un Cane, furono incise da Pierangelo Bertoli. Come lo hai incontrato e cosa ha significato per te questo incontro?<\/strong><br>Pierangelo Bertoli (<em>1942-2002, ndr<\/em>) abita a 30 Km da casa mia per cui era quello pi\u00f9 a portata di mano, nel senso di vicinanza per cui io, che da anni scrivevo canzoni, ho provato a vedere che tipo di reazioni poteva avere una persona che stimavo e che comunque faceva questo mestiere da tanti anni. Lui \u00e8 stato molto disponibile, \u00e8 una persona disponibile in generale. Ha ascoltato alcune cose e ha trovato che c\u2019erano due canzoni che gli interessavano al punto di volerle cantare e cos\u00ec \u00e8 stato. L\u2019incontro \u00e8 partito da l\u00ec, c\u2019\u00e8 un\u2019amicizia che rimane, tuttora, che \u00e8 resa pi\u00f9 difficoltosa, rispetto al passato, per il motivo che entrambi oramai siamo impegnati. Ora \u00e8 molto difficile che riusciamo a incontrarci, per\u00f2 questo non toglie nulla alla nostra amicizia.<\/p><p><strong>Dal rapporto con Pierangelo Bertoli \u00e8 nata la collaborazione con il suo produttore, Angelo Carrara, che decise di lavorare al progetto del tuo primo disco. Che situazione si venne a creare visto che Carrara veniva da esperienze molto diverse da quelle che tu proponevi?<\/strong><br>Carrara \u00e8 una persona che ha del fiuto e dell\u2019istinto per cui \u00e8 vero, le cose che facevo io erano talmente diverse che il suo fiuto gli ha fatto capire che la cosa migliore che poteva fare era quella di una produzione esterna cio\u00e8 di fare in modo che alla fine l\u2019album lo producessi io perch\u00e9 lui sapeva che mettendoci le mani sopra, forse, il disco ne avrebbe risentito e cos\u00ec \u00e8 stato. Devo dire che fortunatamente il primo disco \u00e8 andato bene, per cui il metodo non si \u00e8 discusso ed \u00e8 stato cos\u00ec anche per il secondo disco.<\/p><p><strong>Se non vado errato nel 1988 mettevi su una formazione che si chiamava Orazero. Cosa ha rappresentato quella band per Luciano Ligabue?<\/strong><br>Per essere precisi la band l\u2019abbiamo formata nel 1987. \u00c8 stata anche la mia prima apparizione in pubblico. Cosa ha rappresentato la band? Ha rappresentato un momento decisivo per me cio\u00e8 il fatto di vedere che queste canzoni venivano apprezzate dalla gente. Capitava gi\u00e0 da sconosciuti, presi un po\u2019 per sfigatelli, perch\u00e9 quando uno non ha successo \u00e8 sempre preso un po\u2019 cos\u00ec, che la gente aveva interesse per queste canzoni. C\u2019erano gi\u00e0 registrazioni pirata dei nostri concerti, che poi la gente si scambiava roba di questo tipo. \u00c8 un\u2019esperienza che ricordo con affetto, perch\u00e9 comunque sono stati tempi non facili ma carichi di entusiasmo.<\/p><p><strong>Senti, Luciano, la mia non vuole essere una provocazione, ma perch\u00e9 un rocker come Ligabue canta in italiano e non in inglese?<\/strong><br>Perch\u00e9 vivo in Italia, scusami, la risposta \u00e8 molto semplice. Dimmi tu che senso ha che uno canti in inglese volendosi esprimere nei confronti di gente che vive nel suo paese, questa domanda, secondo me, andrebbe fatta nei confronti di chi canta in inglese in Italia. Perch\u00e9 uno deve cantare in inglese nel mercato italiano?<\/p><p><strong>Come sono i rapporti con i Rocking Chairs, visto che al tuo secondo disco ha collaborato il fisarmonicista Franco Borghi?<\/strong><br>Io non li conosco tanto, conosco il loro lavoro. Ho conosciuto in un paio di occasioni il loro leader, Graziano Romani, come sempre motivato, con cui ho fatto due chiacchiere. Loro hanno avuto belle esperienze anche a livello di collaborazioni in America, si sono tolti diversi sfizi tra cui quella di fare una bella Stand By Me assieme a Willy De Ville quest\u2019estate, ti lascio immaginare cosa vuol dire. L\u2019incontro con Franco Borghi \u00e8 stato del tutto occasionale. Non volevo affidarmi a musicisti professionisti perch\u00e9 mi piaceva l\u2019idea di dare l\u2019ennesima opportunit\u00e0 a gente che non \u00e8 nel giro di Milano (professionalmente parlando) ma che cerca di farcela, e cos\u00ec lui ci ha dato la sua disponibilit\u00e0.<\/p><p><strong>Obiettivamente, che differenza intercorre tra il Ligabue del primo LP e quello del secondo?<\/strong><br>Credo che ci sia una differenza a due livelli. Il primo a livello produttivo. Nel senso che nel primo disco ho usato pochi suoni, era abbastanza povero come produzione, anche se suonava. Invece, questa volta, con il fatto che avevo pi\u00f9 esperienza, ho potuto gestire meglio la produzione. Ho potuto inserire degli umori musicali diversi, tipo violini, fisarmoniche, un coro alpino, armoniche a bocca che nel primo album non c\u2019erano. Ho potuto lavorare sui suoni di chitarra in maniera diversa; ho potuto impostare anche la batteria in maniera diversa, quindi dal punto di vista della realizzazione mi sembra pi\u00f9 ricco. Dal punto di vista dei contenuti, che \u00e8 il secondo livello di cui parlavamo prima, quest\u2019ultimo disco \u00e8 pi\u00f9 complesso. Nel senso che \u00e8 un album meno accessibile, bisogna ascoltarlo pi\u00f9 del primo.<\/p><p><strong>Hai ancora qualche canzone nel cassetto?<\/strong><br>Beh, s\u00ec.<\/p><p><strong>I tuoi impegni futuri?<\/strong><br>Fino al 31 marzo (<em>1992, ndr<\/em>) andiamo avanti con la tourn\u00e9e. In aprile mi occuper\u00f2 della produzione di un gruppo italiano di rock che non ha ancora avuto la fortuna che si merita, sono i Rats. Con la produzione gli dar\u00f2 anche un pezzo mio.<\/p><p><strong>L\u2019ultimo disco che ti \u00e8 piaciuto?<\/strong><br>Beh, sto ascoltando Little Village che non mi dispiace, quello con Ry Cooder, John Hiatt e Nick Lowe, non \u00e8 eccezionale ma lo sto ascoltando volentieri.<\/p><\/blockquote>\n\n\n\n<p><\/p>\n\n\n\n<p><em><sup>(Articolo coperto da copyright. Per informazioni, contattare l\u2019editore di questo blog.)<\/sup><\/em><\/p>\n\n\n\n<figure class=\"wp-block-embed is-type-video is-provider-youtube wp-block-embed-youtube wp-embed-aspect-4-3 wp-has-aspect-ratio\"><div class=\"wp-block-embed__wrapper\">\n<iframe loading=\"lazy\" title=\"Ligabue - Lambrusco e pop corn (Official Video)\" width=\"580\" height=\"435\" src=\"https:\/\/www.youtube.com\/embed\/QQnFs4rr6B0?feature=oembed\" frameborder=\"0\" allow=\"accelerometer; autoplay; clipboard-write; encrypted-media; gyroscope; picture-in-picture; web-share\" referrerpolicy=\"strict-origin-when-cross-origin\" allowfullscreen><\/iframe>\n<\/div><\/figure>\n","protected":false},"excerpt":{"rendered":"<p>La mia intervista a Luciano Ligabue registrata poco prima del concerto al Centro Fiere di Alatri (Frosinone, 6 marzo 1992).<\/p>\n","protected":false},"author":1,"featured_media":841,"comment_status":"open","ping_status":"open","sticky":false,"template":"","format":"standard","meta":{"footnotes":""},"categories":[2],"tags":[39],"class_list":["post-253","post","type-post","status-publish","format-standard","has-post-thumbnail","hentry","category-musica","tag-luciano-ligabue"],"yoast_head":"<!-- This site is optimized with the Yoast SEO plugin v27.4 - https:\/\/yoast.com\/product\/yoast-seo-wordpress\/ -->\r\n<title>Intervista a Luciano Ligabue (1992) &#8902; Il blog di Luca D&#039;Ambrosio<\/title>\r\n<meta name=\"description\" content=\"La mia intervista a Luciano Ligabue registrata poco prima del concerto al Centro Fiere di Alatri (Frosinone, 6 marzo 1992).\" \/>\r\n<meta name=\"robots\" content=\"index, follow, max-snippet:-1, max-image-preview:large, max-video-preview:-1\" \/>\r\n<link rel=\"canonical\" href=\"https:\/\/www.musicletter.it\/luca\/2011\/03\/04\/intervista-a-luciano-ligabue-1992\/\" \/>\r\n<meta property=\"og:locale\" content=\"it_IT\" \/>\r\n<meta property=\"og:type\" content=\"article\" \/>\r\n<meta property=\"og:title\" content=\"Intervista a Luciano Ligabue (1992) &#8902; Il blog di Luca D&#039;Ambrosio\" \/>\r\n<meta property=\"og:description\" content=\"La mia intervista a Luciano Ligabue registrata poco prima del concerto al Centro Fiere di Alatri (Frosinone, 6 marzo 1992).\" \/>\r\n<meta property=\"og:url\" content=\"https:\/\/www.musicletter.it\/luca\/2011\/03\/04\/intervista-a-luciano-ligabue-1992\/\" \/>\r\n<meta property=\"og:site_name\" content=\"Il blog di Luca D&#039;Ambrosio\" \/>\r\n<meta property=\"article:publisher\" content=\"https:\/\/www.facebook.com\/luca.dambrosio\" \/>\r\n<meta property=\"article:author\" content=\"https:\/\/www.facebook.com\/luca.dambrosio\" \/>\r\n<meta property=\"article:published_time\" content=\"2011-03-04T21:23:25+00:00\" \/>\r\n<meta property=\"article:modified_time\" content=\"2022-09-26T08:13:07+00:00\" \/>\r\n<meta property=\"og:image\" content=\"https:\/\/www.musicletter.it\/luca\/wp-content\/uploads\/2011\/03\/ligabue.jpg\" \/>\r\n\t<meta property=\"og:image:width\" content=\"530\" \/>\r\n\t<meta property=\"og:image:height\" content=\"340\" \/>\r\n\t<meta property=\"og:image:type\" content=\"image\/jpeg\" \/>\r\n<meta name=\"author\" content=\"Luca D&#039;Ambrosio\" \/>\r\n<meta name=\"twitter:card\" content=\"summary_large_image\" \/>\r\n<meta name=\"twitter:creator\" content=\"@lucadambrosio\" \/>\r\n<meta name=\"twitter:site\" content=\"@lucadambrosio\" \/>\r\n<meta name=\"twitter:label1\" content=\"Scritto da\" \/>\n\t<meta name=\"twitter:data1\" content=\"Luca D&#039;Ambrosio\" \/>\n\t<meta name=\"twitter:label2\" content=\"Tempo di lettura stimato\" \/>\n\t<meta name=\"twitter:data2\" content=\"5 minuti\" \/>\r\n<script type=\"application\/ld+json\" class=\"yoast-schema-graph\">{\"@context\":\"https:\\\/\\\/schema.org\",\"@graph\":[{\"@type\":\"NewsArticle\",\"@id\":\"https:\\\/\\\/www.musicletter.it\\\/luca\\\/2011\\\/03\\\/04\\\/intervista-a-luciano-ligabue-1992\\\/#article\",\"isPartOf\":{\"@id\":\"https:\\\/\\\/www.musicletter.it\\\/luca\\\/2011\\\/03\\\/04\\\/intervista-a-luciano-ligabue-1992\\\/\"},\"author\":{\"name\":\"Luca D'Ambrosio\",\"@id\":\"https:\\\/\\\/www.musicletter.it\\\/luca\\\/#\\\/schema\\\/person\\\/08de73e3eb2c4dc14f20c44f89e021ac\"},\"headline\":\"Intervista a Luciano Ligabue (1992)\",\"datePublished\":\"2011-03-04T21:23:25+00:00\",\"dateModified\":\"2022-09-26T08:13:07+00:00\",\"mainEntityOfPage\":{\"@id\":\"https:\\\/\\\/www.musicletter.it\\\/luca\\\/2011\\\/03\\\/04\\\/intervista-a-luciano-ligabue-1992\\\/\"},\"wordCount\":953,\"commentCount\":0,\"publisher\":{\"@id\":\"https:\\\/\\\/www.musicletter.it\\\/luca\\\/#\\\/schema\\\/person\\\/08de73e3eb2c4dc14f20c44f89e021ac\"},\"image\":{\"@id\":\"https:\\\/\\\/www.musicletter.it\\\/luca\\\/2011\\\/03\\\/04\\\/intervista-a-luciano-ligabue-1992\\\/#primaryimage\"},\"thumbnailUrl\":\"https:\\\/\\\/www.musicletter.it\\\/luca\\\/wp-content\\\/uploads\\\/2011\\\/03\\\/ligabue.jpg\",\"keywords\":[\"Luciano Ligabue\"],\"articleSection\":[\"musica\"],\"inLanguage\":\"it-IT\",\"potentialAction\":[{\"@type\":\"CommentAction\",\"name\":\"Comment\",\"target\":[\"https:\\\/\\\/www.musicletter.it\\\/luca\\\/2011\\\/03\\\/04\\\/intervista-a-luciano-ligabue-1992\\\/#respond\"]}]},{\"@type\":\"WebPage\",\"@id\":\"https:\\\/\\\/www.musicletter.it\\\/luca\\\/2011\\\/03\\\/04\\\/intervista-a-luciano-ligabue-1992\\\/\",\"url\":\"https:\\\/\\\/www.musicletter.it\\\/luca\\\/2011\\\/03\\\/04\\\/intervista-a-luciano-ligabue-1992\\\/\",\"name\":\"Intervista a Luciano Ligabue (1992) &#8902; Il blog di Luca D&#039;Ambrosio\",\"isPartOf\":{\"@id\":\"https:\\\/\\\/www.musicletter.it\\\/luca\\\/#website\"},\"primaryImageOfPage\":{\"@id\":\"https:\\\/\\\/www.musicletter.it\\\/luca\\\/2011\\\/03\\\/04\\\/intervista-a-luciano-ligabue-1992\\\/#primaryimage\"},\"image\":{\"@id\":\"https:\\\/\\\/www.musicletter.it\\\/luca\\\/2011\\\/03\\\/04\\\/intervista-a-luciano-ligabue-1992\\\/#primaryimage\"},\"thumbnailUrl\":\"https:\\\/\\\/www.musicletter.it\\\/luca\\\/wp-content\\\/uploads\\\/2011\\\/03\\\/ligabue.jpg\",\"datePublished\":\"2011-03-04T21:23:25+00:00\",\"dateModified\":\"2022-09-26T08:13:07+00:00\",\"description\":\"La mia intervista a Luciano Ligabue registrata poco prima del concerto al Centro Fiere di Alatri (Frosinone, 6 marzo 1992).\",\"breadcrumb\":{\"@id\":\"https:\\\/\\\/www.musicletter.it\\\/luca\\\/2011\\\/03\\\/04\\\/intervista-a-luciano-ligabue-1992\\\/#breadcrumb\"},\"inLanguage\":\"it-IT\",\"potentialAction\":[{\"@type\":\"ReadAction\",\"target\":[\"https:\\\/\\\/www.musicletter.it\\\/luca\\\/2011\\\/03\\\/04\\\/intervista-a-luciano-ligabue-1992\\\/\"]}]},{\"@type\":\"ImageObject\",\"inLanguage\":\"it-IT\",\"@id\":\"https:\\\/\\\/www.musicletter.it\\\/luca\\\/2011\\\/03\\\/04\\\/intervista-a-luciano-ligabue-1992\\\/#primaryimage\",\"url\":\"https:\\\/\\\/www.musicletter.it\\\/luca\\\/wp-content\\\/uploads\\\/2011\\\/03\\\/ligabue.jpg\",\"contentUrl\":\"https:\\\/\\\/www.musicletter.it\\\/luca\\\/wp-content\\\/uploads\\\/2011\\\/03\\\/ligabue.jpg\",\"width\":530,\"height\":340,\"caption\":\"Luciano Ligabue\"},{\"@type\":\"BreadcrumbList\",\"@id\":\"https:\\\/\\\/www.musicletter.it\\\/luca\\\/2011\\\/03\\\/04\\\/intervista-a-luciano-ligabue-1992\\\/#breadcrumb\",\"itemListElement\":[{\"@type\":\"ListItem\",\"position\":1,\"name\":\"Home\",\"item\":\"https:\\\/\\\/www.musicletter.it\\\/luca\\\/\"},{\"@type\":\"ListItem\",\"position\":2,\"name\":\"musica\",\"item\":\"https:\\\/\\\/www.musicletter.it\\\/luca\\\/musica\\\/\"},{\"@type\":\"ListItem\",\"position\":3,\"name\":\"Intervista a Luciano Ligabue (1992)\"}]},{\"@type\":\"WebSite\",\"@id\":\"https:\\\/\\\/www.musicletter.it\\\/luca\\\/#website\",\"url\":\"https:\\\/\\\/www.musicletter.it\\\/luca\\\/\",\"name\":\"Il blog di Luca D'Ambrosio (L'amore per un disco \u00e8 un sentimento reale)\",\"description\":\"L&#039;amore per un disco \u00e8 un sentimento reale\",\"publisher\":{\"@id\":\"https:\\\/\\\/www.musicletter.it\\\/luca\\\/#\\\/schema\\\/person\\\/08de73e3eb2c4dc14f20c44f89e021ac\"},\"potentialAction\":[{\"@type\":\"SearchAction\",\"target\":{\"@type\":\"EntryPoint\",\"urlTemplate\":\"https:\\\/\\\/www.musicletter.it\\\/luca\\\/?s={search_term_string}\"},\"query-input\":{\"@type\":\"PropertyValueSpecification\",\"valueRequired\":true,\"valueName\":\"search_term_string\"}}],\"inLanguage\":\"it-IT\"},{\"@type\":[\"Person\",\"Organization\"],\"@id\":\"https:\\\/\\\/www.musicletter.it\\\/luca\\\/#\\\/schema\\\/person\\\/08de73e3eb2c4dc14f20c44f89e021ac\",\"name\":\"Luca D'Ambrosio\",\"image\":{\"@type\":\"ImageObject\",\"inLanguage\":\"it-IT\",\"@id\":\"https:\\\/\\\/www.musicletter.it\\\/luca\\\/wp-content\\\/uploads\\\/2020\\\/04\\\/unnamed-side.png\",\"url\":\"https:\\\/\\\/www.musicletter.it\\\/luca\\\/wp-content\\\/uploads\\\/2020\\\/04\\\/unnamed-side.png\",\"contentUrl\":\"https:\\\/\\\/www.musicletter.it\\\/luca\\\/wp-content\\\/uploads\\\/2020\\\/04\\\/unnamed-side.png\",\"width\":2453,\"height\":500,\"caption\":\"Luca D'Ambrosio\"},\"logo\":{\"@id\":\"https:\\\/\\\/www.musicletter.it\\\/luca\\\/wp-content\\\/uploads\\\/2020\\\/04\\\/unnamed-side.png\"},\"description\":\"Luca D'Ambrosio (Sora, 1970) \u00e8 un blogger appassionato di musica. Fondatore e responsabile del sito di informazione musicale e culturale Musicletter.it, in passato ha scritto per riviste e magazine online e ha contribuito a diverse pubblicazioni editoriali. \u00c8 stato consulente musicale di due programmi radiofonici della Rappresentanza in Italia della Commissione europea nonch\u00e9 ideatore del Premio nazionale per il giornalismo musicale sul web. Collaboratore di lunga data del MEI, il Meeting delle Etichette Indipendenti, dal 2012 fa parte della giuria delle Targhe Tenco. Per Arcana Edizioni ha scritto tre libri: \\\"La musica, per me\\\" (2018), \\\"Musica migrante\\\" (2019) e \\\"Musica per cani\\\" (2020). Inoltre ha conseguito dei riconoscimenti nell'ambito del Festival di Internazionale a Ferrara e del Festival Nazionale dei Conservatori a Frosinone. \\\"Voci Chiassose\\\" (1996) \u00e8 la sua prima pubblicazione autoprodotta, ristampata, sempre autonomamente, nel 2021. A febbraio 2023 entra a fa parte dei 150 membri della giuria della sala stampa, radio, tv e web del 73\u00b0 Festival di Sanremo.\",\"sameAs\":[\"https:\\\/\\\/www.musicletter.it\\\/luca\",\"https:\\\/\\\/www.facebook.com\\\/luca.dambrosio\",\"https:\\\/\\\/www.instagram\\\/lucadambrosio70\",\"https:\\\/\\\/www.linkedin.com\\\/in\\\/dambrosioluca\\\/\",\"https:\\\/\\\/x.com\\\/lucadambrosio\"]}]}<\/script>\r\n<!-- \/ Yoast SEO plugin. -->","yoast_head_json":{"title":"Intervista a Luciano Ligabue (1992) &#8902; Il blog di Luca D&#039;Ambrosio","description":"La mia intervista a Luciano Ligabue registrata poco prima del concerto al Centro Fiere di Alatri (Frosinone, 6 marzo 1992).","robots":{"index":"index","follow":"follow","max-snippet":"max-snippet:-1","max-image-preview":"max-image-preview:large","max-video-preview":"max-video-preview:-1"},"canonical":"https:\/\/www.musicletter.it\/luca\/2011\/03\/04\/intervista-a-luciano-ligabue-1992\/","og_locale":"it_IT","og_type":"article","og_title":"Intervista a Luciano Ligabue (1992) &#8902; Il blog di Luca D&#039;Ambrosio","og_description":"La mia intervista a Luciano Ligabue registrata poco prima del concerto al Centro Fiere di Alatri (Frosinone, 6 marzo 1992).","og_url":"https:\/\/www.musicletter.it\/luca\/2011\/03\/04\/intervista-a-luciano-ligabue-1992\/","og_site_name":"Il blog di Luca D&#039;Ambrosio","article_publisher":"https:\/\/www.facebook.com\/luca.dambrosio","article_author":"https:\/\/www.facebook.com\/luca.dambrosio","article_published_time":"2011-03-04T21:23:25+00:00","article_modified_time":"2022-09-26T08:13:07+00:00","og_image":[{"width":530,"height":340,"url":"https:\/\/www.musicletter.it\/luca\/wp-content\/uploads\/2011\/03\/ligabue.jpg","type":"image\/jpeg"}],"author":"Luca D'Ambrosio","twitter_card":"summary_large_image","twitter_creator":"@lucadambrosio","twitter_site":"@lucadambrosio","twitter_misc":{"Scritto da":"Luca D'Ambrosio","Tempo di lettura stimato":"5 minuti"},"schema":{"@context":"https:\/\/schema.org","@graph":[{"@type":"NewsArticle","@id":"https:\/\/www.musicletter.it\/luca\/2011\/03\/04\/intervista-a-luciano-ligabue-1992\/#article","isPartOf":{"@id":"https:\/\/www.musicletter.it\/luca\/2011\/03\/04\/intervista-a-luciano-ligabue-1992\/"},"author":{"name":"Luca D'Ambrosio","@id":"https:\/\/www.musicletter.it\/luca\/#\/schema\/person\/08de73e3eb2c4dc14f20c44f89e021ac"},"headline":"Intervista a Luciano Ligabue (1992)","datePublished":"2011-03-04T21:23:25+00:00","dateModified":"2022-09-26T08:13:07+00:00","mainEntityOfPage":{"@id":"https:\/\/www.musicletter.it\/luca\/2011\/03\/04\/intervista-a-luciano-ligabue-1992\/"},"wordCount":953,"commentCount":0,"publisher":{"@id":"https:\/\/www.musicletter.it\/luca\/#\/schema\/person\/08de73e3eb2c4dc14f20c44f89e021ac"},"image":{"@id":"https:\/\/www.musicletter.it\/luca\/2011\/03\/04\/intervista-a-luciano-ligabue-1992\/#primaryimage"},"thumbnailUrl":"https:\/\/www.musicletter.it\/luca\/wp-content\/uploads\/2011\/03\/ligabue.jpg","keywords":["Luciano Ligabue"],"articleSection":["musica"],"inLanguage":"it-IT","potentialAction":[{"@type":"CommentAction","name":"Comment","target":["https:\/\/www.musicletter.it\/luca\/2011\/03\/04\/intervista-a-luciano-ligabue-1992\/#respond"]}]},{"@type":"WebPage","@id":"https:\/\/www.musicletter.it\/luca\/2011\/03\/04\/intervista-a-luciano-ligabue-1992\/","url":"https:\/\/www.musicletter.it\/luca\/2011\/03\/04\/intervista-a-luciano-ligabue-1992\/","name":"Intervista a Luciano Ligabue (1992) &#8902; Il blog di Luca D&#039;Ambrosio","isPartOf":{"@id":"https:\/\/www.musicletter.it\/luca\/#website"},"primaryImageOfPage":{"@id":"https:\/\/www.musicletter.it\/luca\/2011\/03\/04\/intervista-a-luciano-ligabue-1992\/#primaryimage"},"image":{"@id":"https:\/\/www.musicletter.it\/luca\/2011\/03\/04\/intervista-a-luciano-ligabue-1992\/#primaryimage"},"thumbnailUrl":"https:\/\/www.musicletter.it\/luca\/wp-content\/uploads\/2011\/03\/ligabue.jpg","datePublished":"2011-03-04T21:23:25+00:00","dateModified":"2022-09-26T08:13:07+00:00","description":"La mia intervista a Luciano Ligabue registrata poco prima del concerto al Centro Fiere di Alatri (Frosinone, 6 marzo 1992).","breadcrumb":{"@id":"https:\/\/www.musicletter.it\/luca\/2011\/03\/04\/intervista-a-luciano-ligabue-1992\/#breadcrumb"},"inLanguage":"it-IT","potentialAction":[{"@type":"ReadAction","target":["https:\/\/www.musicletter.it\/luca\/2011\/03\/04\/intervista-a-luciano-ligabue-1992\/"]}]},{"@type":"ImageObject","inLanguage":"it-IT","@id":"https:\/\/www.musicletter.it\/luca\/2011\/03\/04\/intervista-a-luciano-ligabue-1992\/#primaryimage","url":"https:\/\/www.musicletter.it\/luca\/wp-content\/uploads\/2011\/03\/ligabue.jpg","contentUrl":"https:\/\/www.musicletter.it\/luca\/wp-content\/uploads\/2011\/03\/ligabue.jpg","width":530,"height":340,"caption":"Luciano Ligabue"},{"@type":"BreadcrumbList","@id":"https:\/\/www.musicletter.it\/luca\/2011\/03\/04\/intervista-a-luciano-ligabue-1992\/#breadcrumb","itemListElement":[{"@type":"ListItem","position":1,"name":"Home","item":"https:\/\/www.musicletter.it\/luca\/"},{"@type":"ListItem","position":2,"name":"musica","item":"https:\/\/www.musicletter.it\/luca\/musica\/"},{"@type":"ListItem","position":3,"name":"Intervista a Luciano Ligabue (1992)"}]},{"@type":"WebSite","@id":"https:\/\/www.musicletter.it\/luca\/#website","url":"https:\/\/www.musicletter.it\/luca\/","name":"Il blog di Luca D'Ambrosio (L'amore per un disco \u00e8 un sentimento reale)","description":"L&#039;amore per un disco \u00e8 un sentimento reale","publisher":{"@id":"https:\/\/www.musicletter.it\/luca\/#\/schema\/person\/08de73e3eb2c4dc14f20c44f89e021ac"},"potentialAction":[{"@type":"SearchAction","target":{"@type":"EntryPoint","urlTemplate":"https:\/\/www.musicletter.it\/luca\/?s={search_term_string}"},"query-input":{"@type":"PropertyValueSpecification","valueRequired":true,"valueName":"search_term_string"}}],"inLanguage":"it-IT"},{"@type":["Person","Organization"],"@id":"https:\/\/www.musicletter.it\/luca\/#\/schema\/person\/08de73e3eb2c4dc14f20c44f89e021ac","name":"Luca D'Ambrosio","image":{"@type":"ImageObject","inLanguage":"it-IT","@id":"https:\/\/www.musicletter.it\/luca\/wp-content\/uploads\/2020\/04\/unnamed-side.png","url":"https:\/\/www.musicletter.it\/luca\/wp-content\/uploads\/2020\/04\/unnamed-side.png","contentUrl":"https:\/\/www.musicletter.it\/luca\/wp-content\/uploads\/2020\/04\/unnamed-side.png","width":2453,"height":500,"caption":"Luca D'Ambrosio"},"logo":{"@id":"https:\/\/www.musicletter.it\/luca\/wp-content\/uploads\/2020\/04\/unnamed-side.png"},"description":"Luca D'Ambrosio (Sora, 1970) \u00e8 un blogger appassionato di musica. Fondatore e responsabile del sito di informazione musicale e culturale Musicletter.it, in passato ha scritto per riviste e magazine online e ha contribuito a diverse pubblicazioni editoriali. \u00c8 stato consulente musicale di due programmi radiofonici della Rappresentanza in Italia della Commissione europea nonch\u00e9 ideatore del Premio nazionale per il giornalismo musicale sul web. Collaboratore di lunga data del MEI, il Meeting delle Etichette Indipendenti, dal 2012 fa parte della giuria delle Targhe Tenco. Per Arcana Edizioni ha scritto tre libri: \"La musica, per me\" (2018), \"Musica migrante\" (2019) e \"Musica per cani\" (2020). Inoltre ha conseguito dei riconoscimenti nell'ambito del Festival di Internazionale a Ferrara e del Festival Nazionale dei Conservatori a Frosinone. \"Voci Chiassose\" (1996) \u00e8 la sua prima pubblicazione autoprodotta, ristampata, sempre autonomamente, nel 2021. A febbraio 2023 entra a fa parte dei 150 membri della giuria della sala stampa, radio, tv e web del 73\u00b0 Festival di Sanremo.","sameAs":["https:\/\/www.musicletter.it\/luca","https:\/\/www.facebook.com\/luca.dambrosio","https:\/\/www.instagram\/lucadambrosio70","https:\/\/www.linkedin.com\/in\/dambrosioluca\/","https:\/\/x.com\/lucadambrosio"]}]}},"_links":{"self":[{"href":"https:\/\/www.musicletter.it\/luca\/wp-json\/wp\/v2\/posts\/253","targetHints":{"allow":["GET"]}}],"collection":[{"href":"https:\/\/www.musicletter.it\/luca\/wp-json\/wp\/v2\/posts"}],"about":[{"href":"https:\/\/www.musicletter.it\/luca\/wp-json\/wp\/v2\/types\/post"}],"author":[{"embeddable":true,"href":"https:\/\/www.musicletter.it\/luca\/wp-json\/wp\/v2\/users\/1"}],"replies":[{"embeddable":true,"href":"https:\/\/www.musicletter.it\/luca\/wp-json\/wp\/v2\/comments?post=253"}],"version-history":[{"count":5,"href":"https:\/\/www.musicletter.it\/luca\/wp-json\/wp\/v2\/posts\/253\/revisions"}],"predecessor-version":[{"id":1170,"href":"https:\/\/www.musicletter.it\/luca\/wp-json\/wp\/v2\/posts\/253\/revisions\/1170"}],"wp:featuredmedia":[{"embeddable":true,"href":"https:\/\/www.musicletter.it\/luca\/wp-json\/wp\/v2\/media\/841"}],"wp:attachment":[{"href":"https:\/\/www.musicletter.it\/luca\/wp-json\/wp\/v2\/media?parent=253"}],"wp:term":[{"taxonomy":"category","embeddable":true,"href":"https:\/\/www.musicletter.it\/luca\/wp-json\/wp\/v2\/categories?post=253"},{"taxonomy":"post_tag","embeddable":true,"href":"https:\/\/www.musicletter.it\/luca\/wp-json\/wp\/v2\/tags?post=253"}],"curies":[{"name":"wp","href":"https:\/\/api.w.org\/{rel}","templated":true}]}}