{"id":483,"date":"2020-07-09T15:54:10","date_gmt":"2020-07-09T13:54:10","guid":{"rendered":"https:\/\/www.musicletter.it\/luca\/?p=483"},"modified":"2020-07-09T15:55:08","modified_gmt":"2020-07-09T13:55:08","slug":"il-mercato-del-giovedi","status":"publish","type":"post","link":"https:\/\/www.musicletter.it\/luca\/2020\/07\/09\/il-mercato-del-giovedi\/","title":{"rendered":"Il mercato del gioved\u00ec"},"content":{"rendered":"\n<p class=\"has-drop-cap\">Lo so, \u00e8 un pensiero retorico, ovvio, scontato, fate voi, per\u00f2 le vecchie contadine che il gioved\u00ec mattina vengono in citt\u00e0, trascinando sotto il sole il loro carretto carico di ortaggi da vendere al mercato, sono il simbolo di un&#8217;Italia che non c&#8217;\u00e8 pi\u00f9 e che, nonostante tutto, continua a resistere con passione e dignit\u00e0.<\/p>\n\n\n\n<p><strong>A proposito del mercato del gioved\u00ec&#8230;<\/strong><\/p>\n\n\n\n<p>In questi giorni vado spesso a casa di mia madre e ogni volta ho la sensazione che mio padre possa entrare da un momento all&#8217;altro. Oggi, per esempio, verso l&#8217;ora di pranzo, ho sentito prima dei passi sul pianerottolo e subito dopo un tintinnio di chiavi provenire da dietro la porta. Ho pensato: <em>\u201cEcco, vuoi vedere che adesso entra con la spesa del gioved\u00ec e si mette a cucinare?<\/em>\u201d<\/p>\n\n\n\n<p>Questa \u00e8 per te, pap\u00e0, ovunque tu sia.  <\/p>\n\n\n\n<iframe loading=\"lazy\" width=\"100%\" height=\"315\" src=\"https:\/\/www.youtube.com\/embed\/r7M0CmkJ-2o\" frameborder=\"0\" allow=\"accelerometer; autoplay; encrypted-media; gyroscope; picture-in-picture\" allowfullscreen=\"\"><\/iframe>\n\n\n\n<iframe loading=\"lazy\" width=\"100%\" height=\"300\" src=\"https:\/\/www.musicletter.it\/fp-content\/attachs\/post-banner.htm\" frameborder=\"0\" allowfullscreen=\"\" scrolling=\"no\" name=\"Musicletter.it, La musica, per me, Luca D'Ambrosio, Musica migrante\" border=\"0\" marginwidth=\"0\" marginheight=\"0\"><\/iframe>\n","protected":false},"excerpt":{"rendered":"<p>Tra retorica e illusione <\/p>\n","protected":false},"author":1,"featured_media":484,"comment_status":"closed","ping_status":"closed","sticky":false,"template":"","format":"standard","meta":{"footnotes":""},"categories":[7,8],"tags":[],"class_list":["post-483","post","type-post","status-publish","format-standard","has-post-thumbnail","hentry","category-altro","category-luca-dambrosio"],"yoast_head":"<!-- This site is optimized with the Yoast SEO plugin v27.4 - https:\/\/yoast.com\/product\/yoast-seo-wordpress\/ -->\r\n<title>Il mercato del gioved\u00ec &#8902; Il blog di Luca D&#039;Ambrosio<\/title>\r\n<meta name=\"description\" content=\"L&#039;amore per un disco \u00e8 un sentimento reale (Luca D&#039;Ambrosio)\" \/>\r\n<meta name=\"robots\" content=\"index, follow, max-snippet:-1, max-image-preview:large, max-video-preview:-1\" \/>\r\n<link rel=\"canonical\" href=\"https:\/\/www.musicletter.it\/luca\/2020\/07\/09\/il-mercato-del-giovedi\/\" \/>\r\n<meta property=\"og:locale\" content=\"it_IT\" \/>\r\n<meta property=\"og:type\" content=\"article\" \/>\r\n<meta property=\"og:title\" content=\"Il mercato del gioved\u00ec &#8902; Il blog di Luca D&#039;Ambrosio\" \/>\r\n<meta property=\"og:description\" content=\"L&#039;amore per un disco \u00e8 un sentimento reale (Luca D&#039;Ambrosio)\" \/>\r\n<meta property=\"og:url\" content=\"https:\/\/www.musicletter.it\/luca\/2020\/07\/09\/il-mercato-del-giovedi\/\" \/>\r\n<meta property=\"og:site_name\" content=\"Il blog di Luca D&#039;Ambrosio\" \/>\r\n<meta property=\"article:publisher\" content=\"https:\/\/www.facebook.com\/luca.dambrosio\" \/>\r\n<meta property=\"article:author\" content=\"https:\/\/www.facebook.com\/luca.dambrosio\" \/>\r\n<meta property=\"article:published_time\" content=\"2020-07-09T13:54:10+00:00\" \/>\r\n<meta property=\"article:modified_time\" content=\"2020-07-09T13:55:08+00:00\" \/>\r\n<meta property=\"og:image\" content=\"https:\/\/www.musicletter.it\/luca\/wp-content\/uploads\/2020\/07\/il-mercato-del-gioved\u00ec.png\" \/>\r\n\t<meta property=\"og:image:width\" content=\"530\" \/>\r\n\t<meta property=\"og:image:height\" content=\"340\" \/>\r\n\t<meta property=\"og:image:type\" content=\"image\/png\" \/>\r\n<meta name=\"author\" content=\"Luca D&#039;Ambrosio\" \/>\r\n<meta name=\"twitter:card\" content=\"summary_large_image\" \/>\r\n<meta name=\"twitter:creator\" content=\"@lucadambrosio\" \/>\r\n<meta name=\"twitter:site\" content=\"@lucadambrosio\" \/>\r\n<meta name=\"twitter:label1\" content=\"Scritto da\" \/>\n\t<meta name=\"twitter:data1\" content=\"Luca D&#039;Ambrosio\" \/>\n\t<meta name=\"twitter:label2\" content=\"Tempo di lettura stimato\" \/>\n\t<meta name=\"twitter:data2\" content=\"1 minuto\" \/>\r\n<script type=\"application\/ld+json\" class=\"yoast-schema-graph\">{\"@context\":\"https:\\\/\\\/schema.org\",\"@graph\":[{\"@type\":\"NewsArticle\",\"@id\":\"https:\\\/\\\/www.musicletter.it\\\/luca\\\/2020\\\/07\\\/09\\\/il-mercato-del-giovedi\\\/#article\",\"isPartOf\":{\"@id\":\"https:\\\/\\\/www.musicletter.it\\\/luca\\\/2020\\\/07\\\/09\\\/il-mercato-del-giovedi\\\/\"},\"author\":{\"name\":\"Luca D'Ambrosio\",\"@id\":\"https:\\\/\\\/www.musicletter.it\\\/luca\\\/#\\\/schema\\\/person\\\/08de73e3eb2c4dc14f20c44f89e021ac\"},\"headline\":\"Il mercato del gioved\u00ec\",\"datePublished\":\"2020-07-09T13:54:10+00:00\",\"dateModified\":\"2020-07-09T13:55:08+00:00\",\"mainEntityOfPage\":{\"@id\":\"https:\\\/\\\/www.musicletter.it\\\/luca\\\/2020\\\/07\\\/09\\\/il-mercato-del-giovedi\\\/\"},\"wordCount\":143,\"publisher\":{\"@id\":\"https:\\\/\\\/www.musicletter.it\\\/luca\\\/#\\\/schema\\\/person\\\/08de73e3eb2c4dc14f20c44f89e021ac\"},\"image\":{\"@id\":\"https:\\\/\\\/www.musicletter.it\\\/luca\\\/2020\\\/07\\\/09\\\/il-mercato-del-giovedi\\\/#primaryimage\"},\"thumbnailUrl\":\"https:\\\/\\\/www.musicletter.it\\\/luca\\\/wp-content\\\/uploads\\\/2020\\\/07\\\/il-mercato-del-gioved\u00ec.png\",\"articleSection\":[\"altro\",\"Luca D'Ambrosio\"],\"inLanguage\":\"it-IT\"},{\"@type\":\"WebPage\",\"@id\":\"https:\\\/\\\/www.musicletter.it\\\/luca\\\/2020\\\/07\\\/09\\\/il-mercato-del-giovedi\\\/\",\"url\":\"https:\\\/\\\/www.musicletter.it\\\/luca\\\/2020\\\/07\\\/09\\\/il-mercato-del-giovedi\\\/\",\"name\":\"Il mercato del gioved\u00ec &#8902; Il blog di Luca D&#039;Ambrosio\",\"isPartOf\":{\"@id\":\"https:\\\/\\\/www.musicletter.it\\\/luca\\\/#website\"},\"primaryImageOfPage\":{\"@id\":\"https:\\\/\\\/www.musicletter.it\\\/luca\\\/2020\\\/07\\\/09\\\/il-mercato-del-giovedi\\\/#primaryimage\"},\"image\":{\"@id\":\"https:\\\/\\\/www.musicletter.it\\\/luca\\\/2020\\\/07\\\/09\\\/il-mercato-del-giovedi\\\/#primaryimage\"},\"thumbnailUrl\":\"https:\\\/\\\/www.musicletter.it\\\/luca\\\/wp-content\\\/uploads\\\/2020\\\/07\\\/il-mercato-del-gioved\u00ec.png\",\"datePublished\":\"2020-07-09T13:54:10+00:00\",\"dateModified\":\"2020-07-09T13:55:08+00:00\",\"description\":\"L'amore per un disco \u00e8 un sentimento reale (Luca D'Ambrosio)\",\"breadcrumb\":{\"@id\":\"https:\\\/\\\/www.musicletter.it\\\/luca\\\/2020\\\/07\\\/09\\\/il-mercato-del-giovedi\\\/#breadcrumb\"},\"inLanguage\":\"it-IT\",\"potentialAction\":[{\"@type\":\"ReadAction\",\"target\":[\"https:\\\/\\\/www.musicletter.it\\\/luca\\\/2020\\\/07\\\/09\\\/il-mercato-del-giovedi\\\/\"]}]},{\"@type\":\"ImageObject\",\"inLanguage\":\"it-IT\",\"@id\":\"https:\\\/\\\/www.musicletter.it\\\/luca\\\/2020\\\/07\\\/09\\\/il-mercato-del-giovedi\\\/#primaryimage\",\"url\":\"https:\\\/\\\/www.musicletter.it\\\/luca\\\/wp-content\\\/uploads\\\/2020\\\/07\\\/il-mercato-del-gioved\u00ec.png\",\"contentUrl\":\"https:\\\/\\\/www.musicletter.it\\\/luca\\\/wp-content\\\/uploads\\\/2020\\\/07\\\/il-mercato-del-gioved\u00ec.png\",\"width\":530,\"height\":340},{\"@type\":\"BreadcrumbList\",\"@id\":\"https:\\\/\\\/www.musicletter.it\\\/luca\\\/2020\\\/07\\\/09\\\/il-mercato-del-giovedi\\\/#breadcrumb\",\"itemListElement\":[{\"@type\":\"ListItem\",\"position\":1,\"name\":\"Home\",\"item\":\"https:\\\/\\\/www.musicletter.it\\\/luca\\\/\"},{\"@type\":\"ListItem\",\"position\":2,\"name\":\"Luca D'Ambrosio\",\"item\":\"https:\\\/\\\/www.musicletter.it\\\/luca\\\/luca-dambrosio\\\/\"},{\"@type\":\"ListItem\",\"position\":3,\"name\":\"Il mercato del gioved\u00ec\"}]},{\"@type\":\"WebSite\",\"@id\":\"https:\\\/\\\/www.musicletter.it\\\/luca\\\/#website\",\"url\":\"https:\\\/\\\/www.musicletter.it\\\/luca\\\/\",\"name\":\"Il blog di Luca D'Ambrosio (L'amore per un disco \u00e8 un sentimento reale)\",\"description\":\"L&#039;amore per un disco \u00e8 un sentimento reale\",\"publisher\":{\"@id\":\"https:\\\/\\\/www.musicletter.it\\\/luca\\\/#\\\/schema\\\/person\\\/08de73e3eb2c4dc14f20c44f89e021ac\"},\"potentialAction\":[{\"@type\":\"SearchAction\",\"target\":{\"@type\":\"EntryPoint\",\"urlTemplate\":\"https:\\\/\\\/www.musicletter.it\\\/luca\\\/?s={search_term_string}\"},\"query-input\":{\"@type\":\"PropertyValueSpecification\",\"valueRequired\":true,\"valueName\":\"search_term_string\"}}],\"inLanguage\":\"it-IT\"},{\"@type\":[\"Person\",\"Organization\"],\"@id\":\"https:\\\/\\\/www.musicletter.it\\\/luca\\\/#\\\/schema\\\/person\\\/08de73e3eb2c4dc14f20c44f89e021ac\",\"name\":\"Luca D'Ambrosio\",\"image\":{\"@type\":\"ImageObject\",\"inLanguage\":\"it-IT\",\"@id\":\"https:\\\/\\\/www.musicletter.it\\\/luca\\\/wp-content\\\/uploads\\\/2020\\\/04\\\/unnamed-side.png\",\"url\":\"https:\\\/\\\/www.musicletter.it\\\/luca\\\/wp-content\\\/uploads\\\/2020\\\/04\\\/unnamed-side.png\",\"contentUrl\":\"https:\\\/\\\/www.musicletter.it\\\/luca\\\/wp-content\\\/uploads\\\/2020\\\/04\\\/unnamed-side.png\",\"width\":2453,\"height\":500,\"caption\":\"Luca D'Ambrosio\"},\"logo\":{\"@id\":\"https:\\\/\\\/www.musicletter.it\\\/luca\\\/wp-content\\\/uploads\\\/2020\\\/04\\\/unnamed-side.png\"},\"description\":\"Luca D'Ambrosio (Sora, 1970) \u00e8 un blogger appassionato di musica. Fondatore e responsabile del sito di informazione musicale e culturale Musicletter.it, in passato ha scritto per riviste e magazine online e ha contribuito a diverse pubblicazioni editoriali. \u00c8 stato consulente musicale di due programmi radiofonici della Rappresentanza in Italia della Commissione europea nonch\u00e9 ideatore del Premio nazionale per il giornalismo musicale sul web. Collaboratore di lunga data del MEI, il Meeting delle Etichette Indipendenti, dal 2012 fa parte della giuria delle Targhe Tenco. Per Arcana Edizioni ha scritto tre libri: \\\"La musica, per me\\\" (2018), \\\"Musica migrante\\\" (2019) e \\\"Musica per cani\\\" (2020). Inoltre ha conseguito dei riconoscimenti nell'ambito del Festival di Internazionale a Ferrara e del Festival Nazionale dei Conservatori a Frosinone. \\\"Voci Chiassose\\\" (1996) \u00e8 la sua prima pubblicazione autoprodotta, ristampata, sempre autonomamente, nel 2021. A febbraio 2023 entra a fa parte dei 150 membri della giuria della sala stampa, radio, tv e web del 73\u00b0 Festival di Sanremo.\",\"sameAs\":[\"https:\\\/\\\/www.musicletter.it\\\/luca\",\"https:\\\/\\\/www.facebook.com\\\/luca.dambrosio\",\"https:\\\/\\\/www.instagram\\\/lucadambrosio70\",\"https:\\\/\\\/www.linkedin.com\\\/in\\\/dambrosioluca\\\/\",\"https:\\\/\\\/x.com\\\/lucadambrosio\"]}]}<\/script>\r\n<!-- \/ Yoast SEO plugin. -->","yoast_head_json":{"title":"Il mercato del gioved\u00ec &#8902; Il blog di Luca D&#039;Ambrosio","description":"L'amore per un disco \u00e8 un sentimento reale (Luca D'Ambrosio)","robots":{"index":"index","follow":"follow","max-snippet":"max-snippet:-1","max-image-preview":"max-image-preview:large","max-video-preview":"max-video-preview:-1"},"canonical":"https:\/\/www.musicletter.it\/luca\/2020\/07\/09\/il-mercato-del-giovedi\/","og_locale":"it_IT","og_type":"article","og_title":"Il mercato del gioved\u00ec &#8902; Il blog di Luca D&#039;Ambrosio","og_description":"L'amore per un disco \u00e8 un sentimento reale (Luca D'Ambrosio)","og_url":"https:\/\/www.musicletter.it\/luca\/2020\/07\/09\/il-mercato-del-giovedi\/","og_site_name":"Il blog di Luca D&#039;Ambrosio","article_publisher":"https:\/\/www.facebook.com\/luca.dambrosio","article_author":"https:\/\/www.facebook.com\/luca.dambrosio","article_published_time":"2020-07-09T13:54:10+00:00","article_modified_time":"2020-07-09T13:55:08+00:00","og_image":[{"width":530,"height":340,"url":"https:\/\/www.musicletter.it\/luca\/wp-content\/uploads\/2020\/07\/il-mercato-del-gioved\u00ec.png","type":"image\/png"}],"author":"Luca D'Ambrosio","twitter_card":"summary_large_image","twitter_creator":"@lucadambrosio","twitter_site":"@lucadambrosio","twitter_misc":{"Scritto da":"Luca D'Ambrosio","Tempo di lettura stimato":"1 minuto"},"schema":{"@context":"https:\/\/schema.org","@graph":[{"@type":"NewsArticle","@id":"https:\/\/www.musicletter.it\/luca\/2020\/07\/09\/il-mercato-del-giovedi\/#article","isPartOf":{"@id":"https:\/\/www.musicletter.it\/luca\/2020\/07\/09\/il-mercato-del-giovedi\/"},"author":{"name":"Luca D'Ambrosio","@id":"https:\/\/www.musicletter.it\/luca\/#\/schema\/person\/08de73e3eb2c4dc14f20c44f89e021ac"},"headline":"Il mercato del gioved\u00ec","datePublished":"2020-07-09T13:54:10+00:00","dateModified":"2020-07-09T13:55:08+00:00","mainEntityOfPage":{"@id":"https:\/\/www.musicletter.it\/luca\/2020\/07\/09\/il-mercato-del-giovedi\/"},"wordCount":143,"publisher":{"@id":"https:\/\/www.musicletter.it\/luca\/#\/schema\/person\/08de73e3eb2c4dc14f20c44f89e021ac"},"image":{"@id":"https:\/\/www.musicletter.it\/luca\/2020\/07\/09\/il-mercato-del-giovedi\/#primaryimage"},"thumbnailUrl":"https:\/\/www.musicletter.it\/luca\/wp-content\/uploads\/2020\/07\/il-mercato-del-gioved\u00ec.png","articleSection":["altro","Luca D'Ambrosio"],"inLanguage":"it-IT"},{"@type":"WebPage","@id":"https:\/\/www.musicletter.it\/luca\/2020\/07\/09\/il-mercato-del-giovedi\/","url":"https:\/\/www.musicletter.it\/luca\/2020\/07\/09\/il-mercato-del-giovedi\/","name":"Il mercato del gioved\u00ec &#8902; Il blog di Luca D&#039;Ambrosio","isPartOf":{"@id":"https:\/\/www.musicletter.it\/luca\/#website"},"primaryImageOfPage":{"@id":"https:\/\/www.musicletter.it\/luca\/2020\/07\/09\/il-mercato-del-giovedi\/#primaryimage"},"image":{"@id":"https:\/\/www.musicletter.it\/luca\/2020\/07\/09\/il-mercato-del-giovedi\/#primaryimage"},"thumbnailUrl":"https:\/\/www.musicletter.it\/luca\/wp-content\/uploads\/2020\/07\/il-mercato-del-gioved\u00ec.png","datePublished":"2020-07-09T13:54:10+00:00","dateModified":"2020-07-09T13:55:08+00:00","description":"L'amore per un disco \u00e8 un sentimento reale (Luca D'Ambrosio)","breadcrumb":{"@id":"https:\/\/www.musicletter.it\/luca\/2020\/07\/09\/il-mercato-del-giovedi\/#breadcrumb"},"inLanguage":"it-IT","potentialAction":[{"@type":"ReadAction","target":["https:\/\/www.musicletter.it\/luca\/2020\/07\/09\/il-mercato-del-giovedi\/"]}]},{"@type":"ImageObject","inLanguage":"it-IT","@id":"https:\/\/www.musicletter.it\/luca\/2020\/07\/09\/il-mercato-del-giovedi\/#primaryimage","url":"https:\/\/www.musicletter.it\/luca\/wp-content\/uploads\/2020\/07\/il-mercato-del-gioved\u00ec.png","contentUrl":"https:\/\/www.musicletter.it\/luca\/wp-content\/uploads\/2020\/07\/il-mercato-del-gioved\u00ec.png","width":530,"height":340},{"@type":"BreadcrumbList","@id":"https:\/\/www.musicletter.it\/luca\/2020\/07\/09\/il-mercato-del-giovedi\/#breadcrumb","itemListElement":[{"@type":"ListItem","position":1,"name":"Home","item":"https:\/\/www.musicletter.it\/luca\/"},{"@type":"ListItem","position":2,"name":"Luca D'Ambrosio","item":"https:\/\/www.musicletter.it\/luca\/luca-dambrosio\/"},{"@type":"ListItem","position":3,"name":"Il mercato del gioved\u00ec"}]},{"@type":"WebSite","@id":"https:\/\/www.musicletter.it\/luca\/#website","url":"https:\/\/www.musicletter.it\/luca\/","name":"Il blog di Luca D'Ambrosio (L'amore per un disco \u00e8 un sentimento reale)","description":"L&#039;amore per un disco \u00e8 un sentimento reale","publisher":{"@id":"https:\/\/www.musicletter.it\/luca\/#\/schema\/person\/08de73e3eb2c4dc14f20c44f89e021ac"},"potentialAction":[{"@type":"SearchAction","target":{"@type":"EntryPoint","urlTemplate":"https:\/\/www.musicletter.it\/luca\/?s={search_term_string}"},"query-input":{"@type":"PropertyValueSpecification","valueRequired":true,"valueName":"search_term_string"}}],"inLanguage":"it-IT"},{"@type":["Person","Organization"],"@id":"https:\/\/www.musicletter.it\/luca\/#\/schema\/person\/08de73e3eb2c4dc14f20c44f89e021ac","name":"Luca D'Ambrosio","image":{"@type":"ImageObject","inLanguage":"it-IT","@id":"https:\/\/www.musicletter.it\/luca\/wp-content\/uploads\/2020\/04\/unnamed-side.png","url":"https:\/\/www.musicletter.it\/luca\/wp-content\/uploads\/2020\/04\/unnamed-side.png","contentUrl":"https:\/\/www.musicletter.it\/luca\/wp-content\/uploads\/2020\/04\/unnamed-side.png","width":2453,"height":500,"caption":"Luca D'Ambrosio"},"logo":{"@id":"https:\/\/www.musicletter.it\/luca\/wp-content\/uploads\/2020\/04\/unnamed-side.png"},"description":"Luca D'Ambrosio (Sora, 1970) \u00e8 un blogger appassionato di musica. Fondatore e responsabile del sito di informazione musicale e culturale Musicletter.it, in passato ha scritto per riviste e magazine online e ha contribuito a diverse pubblicazioni editoriali. \u00c8 stato consulente musicale di due programmi radiofonici della Rappresentanza in Italia della Commissione europea nonch\u00e9 ideatore del Premio nazionale per il giornalismo musicale sul web. Collaboratore di lunga data del MEI, il Meeting delle Etichette Indipendenti, dal 2012 fa parte della giuria delle Targhe Tenco. Per Arcana Edizioni ha scritto tre libri: \"La musica, per me\" (2018), \"Musica migrante\" (2019) e \"Musica per cani\" (2020). Inoltre ha conseguito dei riconoscimenti nell'ambito del Festival di Internazionale a Ferrara e del Festival Nazionale dei Conservatori a Frosinone. \"Voci Chiassose\" (1996) \u00e8 la sua prima pubblicazione autoprodotta, ristampata, sempre autonomamente, nel 2021. A febbraio 2023 entra a fa parte dei 150 membri della giuria della sala stampa, radio, tv e web del 73\u00b0 Festival di Sanremo.","sameAs":["https:\/\/www.musicletter.it\/luca","https:\/\/www.facebook.com\/luca.dambrosio","https:\/\/www.instagram\/lucadambrosio70","https:\/\/www.linkedin.com\/in\/dambrosioluca\/","https:\/\/x.com\/lucadambrosio"]}]}},"_links":{"self":[{"href":"https:\/\/www.musicletter.it\/luca\/wp-json\/wp\/v2\/posts\/483","targetHints":{"allow":["GET"]}}],"collection":[{"href":"https:\/\/www.musicletter.it\/luca\/wp-json\/wp\/v2\/posts"}],"about":[{"href":"https:\/\/www.musicletter.it\/luca\/wp-json\/wp\/v2\/types\/post"}],"author":[{"embeddable":true,"href":"https:\/\/www.musicletter.it\/luca\/wp-json\/wp\/v2\/users\/1"}],"replies":[{"embeddable":true,"href":"https:\/\/www.musicletter.it\/luca\/wp-json\/wp\/v2\/comments?post=483"}],"version-history":[{"count":0,"href":"https:\/\/www.musicletter.it\/luca\/wp-json\/wp\/v2\/posts\/483\/revisions"}],"wp:featuredmedia":[{"embeddable":true,"href":"https:\/\/www.musicletter.it\/luca\/wp-json\/wp\/v2\/media\/484"}],"wp:attachment":[{"href":"https:\/\/www.musicletter.it\/luca\/wp-json\/wp\/v2\/media?parent=483"}],"wp:term":[{"taxonomy":"category","embeddable":true,"href":"https:\/\/www.musicletter.it\/luca\/wp-json\/wp\/v2\/categories?post=483"},{"taxonomy":"post_tag","embeddable":true,"href":"https:\/\/www.musicletter.it\/luca\/wp-json\/wp\/v2\/tags?post=483"}],"curies":[{"name":"wp","href":"https:\/\/api.w.org\/{rel}","templated":true}]}}