{"id":865,"date":"2021-06-21T10:18:57","date_gmt":"2021-06-21T08:18:57","guid":{"rendered":"https:\/\/www.musicletter.it\/luca\/?p=865"},"modified":"2021-06-21T10:19:02","modified_gmt":"2021-06-21T08:19:02","slug":"il-concerto-del-boss-allo-stadio-flaminio","status":"publish","type":"post","link":"https:\/\/www.musicletter.it\/luca\/2021\/06\/21\/il-concerto-del-boss-allo-stadio-flaminio\/","title":{"rendered":"Il concerto del boss allo Stadio Flaminio"},"content":{"rendered":"\n<p class=\"has-drop-cap\"><strong>15 giugno 1988<\/strong>. Penultimo anno di superiori. Il Boss stava per arrivare in Italia e noi non stavamo pi\u00f9 nella pelle. I biglietti erano stati presi con largo anticipo alla Orbis di Roma. <\/p>\n\n\n\n<p>Ogni giorno che passava, in classe si respirava sempre di pi\u00f9 aria di rock and roll. L\u2019assillo non era tanto la promozione di fine anno, ma la scaletta del concerto. <\/p>\n\n\n\n<p>Finalmente arriv\u00f2 il fatidico giorno. Partimmo in undici, o gi\u00f9 di l\u00ec, con un carico di birre, panini e cocomeri: destinazione Stadio Flaminio. <\/p>\n\n\n\n<p>Pi\u00f9 che un concerto fu una gita scolastica, una splendida giornata tra buoni amici.<\/p>\n\n\n\n<figure class=\"wp-block-embed is-type-video is-provider-youtube wp-block-embed-youtube wp-embed-aspect-4-3 wp-has-aspect-ratio\"><div class=\"wp-block-embed__wrapper\">\n<iframe loading=\"lazy\" title=\"Bruce Springsteen Live in Rome 1988\" width=\"580\" height=\"435\" src=\"https:\/\/www.youtube.com\/embed\/TY8qIOyupTs?feature=oembed\" frameborder=\"0\" allow=\"accelerometer; autoplay; clipboard-write; encrypted-media; gyroscope; picture-in-picture; web-share\" referrerpolicy=\"strict-origin-when-cross-origin\" allowfullscreen><\/iframe>\n<\/div><\/figure>\n\n\n\n<iframe loading=\"lazy\" width=\"100%\" height=\"300\" src=\"https:\/\/www.musicletter.it\/fp-content\/attachs\/post-banner.htm\" frameborder=\"0\" allowfullscreen=\"\" scrolling=\"no\" name=\"Musicletter.it, La musica, per me, Luca D'Ambrosio, Musica migrante, Musica per cani, Voci chiassose\" border=\"0\" marginwidth=\"0\" marginheight=\"0\"><\/iframe>\n","protected":false},"excerpt":{"rendered":"<p>Pi\u00f9 che un concerto fu una gita scolastica, una splendida giornata tra buoni amici.<\/p>\n","protected":false},"author":1,"featured_media":866,"comment_status":"closed","ping_status":"closed","sticky":false,"template":"","format":"standard","meta":{"footnotes":""},"categories":[2],"tags":[23],"class_list":["post-865","post","type-post","status-publish","format-standard","has-post-thumbnail","hentry","category-musica","tag-bruce-springsteen"],"yoast_head":"<!-- This site is optimized with the Yoast SEO plugin v27.4 - https:\/\/yoast.com\/product\/yoast-seo-wordpress\/ -->\r\n<title>Il concerto del boss allo Stadio Flaminio &#8902; Il blog di Luca D&#039;Ambrosio<\/title>\r\n<meta name=\"description\" content=\"Bruce Springsteen. Roma, Stadio Flaminio, 15 giugno 1988. Pi\u00f9 che un concerto fu una gita scolastica, una splendida giornata tra buoni amici.\" \/>\r\n<meta name=\"robots\" content=\"index, follow, max-snippet:-1, max-image-preview:large, max-video-preview:-1\" \/>\r\n<link rel=\"canonical\" href=\"https:\/\/www.musicletter.it\/luca\/2021\/06\/21\/il-concerto-del-boss-allo-stadio-flaminio\/\" \/>\r\n<meta property=\"og:locale\" content=\"it_IT\" \/>\r\n<meta property=\"og:type\" content=\"article\" \/>\r\n<meta property=\"og:title\" content=\"Il concerto del boss allo Stadio Flaminio &#8902; Il blog di Luca D&#039;Ambrosio\" \/>\r\n<meta property=\"og:description\" content=\"Bruce Springsteen. Roma, Stadio Flaminio, 15 giugno 1988. Pi\u00f9 che un concerto fu una gita scolastica, una splendida giornata tra buoni amici.\" \/>\r\n<meta property=\"og:url\" content=\"https:\/\/www.musicletter.it\/luca\/2021\/06\/21\/il-concerto-del-boss-allo-stadio-flaminio\/\" \/>\r\n<meta property=\"og:site_name\" content=\"Il blog di Luca D&#039;Ambrosio\" \/>\r\n<meta property=\"article:publisher\" content=\"https:\/\/www.facebook.com\/luca.dambrosio\" \/>\r\n<meta property=\"article:author\" content=\"https:\/\/www.facebook.com\/luca.dambrosio\" \/>\r\n<meta property=\"article:published_time\" content=\"2021-06-21T08:18:57+00:00\" \/>\r\n<meta property=\"article:modified_time\" content=\"2021-06-21T08:19:02+00:00\" \/>\r\n<meta property=\"og:image\" content=\"https:\/\/www.musicletter.it\/luca\/wp-content\/uploads\/2021\/06\/bruce.jpg\" \/>\r\n\t<meta property=\"og:image:width\" content=\"530\" \/>\r\n\t<meta property=\"og:image:height\" content=\"340\" \/>\r\n\t<meta property=\"og:image:type\" content=\"image\/jpeg\" \/>\r\n<meta name=\"author\" content=\"Luca D&#039;Ambrosio\" \/>\r\n<meta name=\"twitter:card\" content=\"summary_large_image\" \/>\r\n<meta name=\"twitter:creator\" content=\"@lucadambrosio\" \/>\r\n<meta name=\"twitter:site\" content=\"@lucadambrosio\" \/>\r\n<meta name=\"twitter:label1\" content=\"Scritto da\" \/>\n\t<meta name=\"twitter:data1\" content=\"Luca D&#039;Ambrosio\" \/>\n\t<meta name=\"twitter:label2\" content=\"Tempo di lettura stimato\" \/>\n\t<meta name=\"twitter:data2\" content=\"1 minuto\" \/>\r\n<script type=\"application\/ld+json\" class=\"yoast-schema-graph\">{\"@context\":\"https:\\\/\\\/schema.org\",\"@graph\":[{\"@type\":\"NewsArticle\",\"@id\":\"https:\\\/\\\/www.musicletter.it\\\/luca\\\/2021\\\/06\\\/21\\\/il-concerto-del-boss-allo-stadio-flaminio\\\/#article\",\"isPartOf\":{\"@id\":\"https:\\\/\\\/www.musicletter.it\\\/luca\\\/2021\\\/06\\\/21\\\/il-concerto-del-boss-allo-stadio-flaminio\\\/\"},\"author\":{\"name\":\"Luca D'Ambrosio\",\"@id\":\"https:\\\/\\\/www.musicletter.it\\\/luca\\\/#\\\/schema\\\/person\\\/08de73e3eb2c4dc14f20c44f89e021ac\"},\"headline\":\"Il concerto del boss allo Stadio Flaminio\",\"datePublished\":\"2021-06-21T08:18:57+00:00\",\"dateModified\":\"2021-06-21T08:19:02+00:00\",\"mainEntityOfPage\":{\"@id\":\"https:\\\/\\\/www.musicletter.it\\\/luca\\\/2021\\\/06\\\/21\\\/il-concerto-del-boss-allo-stadio-flaminio\\\/\"},\"wordCount\":114,\"publisher\":{\"@id\":\"https:\\\/\\\/www.musicletter.it\\\/luca\\\/#\\\/schema\\\/person\\\/08de73e3eb2c4dc14f20c44f89e021ac\"},\"image\":{\"@id\":\"https:\\\/\\\/www.musicletter.it\\\/luca\\\/2021\\\/06\\\/21\\\/il-concerto-del-boss-allo-stadio-flaminio\\\/#primaryimage\"},\"thumbnailUrl\":\"https:\\\/\\\/www.musicletter.it\\\/luca\\\/wp-content\\\/uploads\\\/2021\\\/06\\\/bruce.jpg\",\"keywords\":[\"Bruce Springsteen\"],\"articleSection\":[\"musica\"],\"inLanguage\":\"it-IT\"},{\"@type\":\"WebPage\",\"@id\":\"https:\\\/\\\/www.musicletter.it\\\/luca\\\/2021\\\/06\\\/21\\\/il-concerto-del-boss-allo-stadio-flaminio\\\/\",\"url\":\"https:\\\/\\\/www.musicletter.it\\\/luca\\\/2021\\\/06\\\/21\\\/il-concerto-del-boss-allo-stadio-flaminio\\\/\",\"name\":\"Il concerto del boss allo Stadio Flaminio &#8902; Il blog di Luca D&#039;Ambrosio\",\"isPartOf\":{\"@id\":\"https:\\\/\\\/www.musicletter.it\\\/luca\\\/#website\"},\"primaryImageOfPage\":{\"@id\":\"https:\\\/\\\/www.musicletter.it\\\/luca\\\/2021\\\/06\\\/21\\\/il-concerto-del-boss-allo-stadio-flaminio\\\/#primaryimage\"},\"image\":{\"@id\":\"https:\\\/\\\/www.musicletter.it\\\/luca\\\/2021\\\/06\\\/21\\\/il-concerto-del-boss-allo-stadio-flaminio\\\/#primaryimage\"},\"thumbnailUrl\":\"https:\\\/\\\/www.musicletter.it\\\/luca\\\/wp-content\\\/uploads\\\/2021\\\/06\\\/bruce.jpg\",\"datePublished\":\"2021-06-21T08:18:57+00:00\",\"dateModified\":\"2021-06-21T08:19:02+00:00\",\"description\":\"Bruce Springsteen. Roma, Stadio Flaminio, 15 giugno 1988. Pi\u00f9 che un concerto fu una gita scolastica, una splendida giornata tra buoni amici.\",\"breadcrumb\":{\"@id\":\"https:\\\/\\\/www.musicletter.it\\\/luca\\\/2021\\\/06\\\/21\\\/il-concerto-del-boss-allo-stadio-flaminio\\\/#breadcrumb\"},\"inLanguage\":\"it-IT\",\"potentialAction\":[{\"@type\":\"ReadAction\",\"target\":[\"https:\\\/\\\/www.musicletter.it\\\/luca\\\/2021\\\/06\\\/21\\\/il-concerto-del-boss-allo-stadio-flaminio\\\/\"]}]},{\"@type\":\"ImageObject\",\"inLanguage\":\"it-IT\",\"@id\":\"https:\\\/\\\/www.musicletter.it\\\/luca\\\/2021\\\/06\\\/21\\\/il-concerto-del-boss-allo-stadio-flaminio\\\/#primaryimage\",\"url\":\"https:\\\/\\\/www.musicletter.it\\\/luca\\\/wp-content\\\/uploads\\\/2021\\\/06\\\/bruce.jpg\",\"contentUrl\":\"https:\\\/\\\/www.musicletter.it\\\/luca\\\/wp-content\\\/uploads\\\/2021\\\/06\\\/bruce.jpg\",\"width\":530,\"height\":340,\"caption\":\"Bruce Springsteen. Roma, 15 giugno 1988.\"},{\"@type\":\"BreadcrumbList\",\"@id\":\"https:\\\/\\\/www.musicletter.it\\\/luca\\\/2021\\\/06\\\/21\\\/il-concerto-del-boss-allo-stadio-flaminio\\\/#breadcrumb\",\"itemListElement\":[{\"@type\":\"ListItem\",\"position\":1,\"name\":\"Home\",\"item\":\"https:\\\/\\\/www.musicletter.it\\\/luca\\\/\"},{\"@type\":\"ListItem\",\"position\":2,\"name\":\"musica\",\"item\":\"https:\\\/\\\/www.musicletter.it\\\/luca\\\/musica\\\/\"},{\"@type\":\"ListItem\",\"position\":3,\"name\":\"Il concerto del boss allo Stadio Flaminio\"}]},{\"@type\":\"WebSite\",\"@id\":\"https:\\\/\\\/www.musicletter.it\\\/luca\\\/#website\",\"url\":\"https:\\\/\\\/www.musicletter.it\\\/luca\\\/\",\"name\":\"Il blog di Luca D'Ambrosio (L'amore per un disco \u00e8 un sentimento reale)\",\"description\":\"L&#039;amore per un disco \u00e8 un sentimento reale\",\"publisher\":{\"@id\":\"https:\\\/\\\/www.musicletter.it\\\/luca\\\/#\\\/schema\\\/person\\\/08de73e3eb2c4dc14f20c44f89e021ac\"},\"potentialAction\":[{\"@type\":\"SearchAction\",\"target\":{\"@type\":\"EntryPoint\",\"urlTemplate\":\"https:\\\/\\\/www.musicletter.it\\\/luca\\\/?s={search_term_string}\"},\"query-input\":{\"@type\":\"PropertyValueSpecification\",\"valueRequired\":true,\"valueName\":\"search_term_string\"}}],\"inLanguage\":\"it-IT\"},{\"@type\":[\"Person\",\"Organization\"],\"@id\":\"https:\\\/\\\/www.musicletter.it\\\/luca\\\/#\\\/schema\\\/person\\\/08de73e3eb2c4dc14f20c44f89e021ac\",\"name\":\"Luca D'Ambrosio\",\"image\":{\"@type\":\"ImageObject\",\"inLanguage\":\"it-IT\",\"@id\":\"https:\\\/\\\/www.musicletter.it\\\/luca\\\/wp-content\\\/uploads\\\/2020\\\/04\\\/unnamed-side.png\",\"url\":\"https:\\\/\\\/www.musicletter.it\\\/luca\\\/wp-content\\\/uploads\\\/2020\\\/04\\\/unnamed-side.png\",\"contentUrl\":\"https:\\\/\\\/www.musicletter.it\\\/luca\\\/wp-content\\\/uploads\\\/2020\\\/04\\\/unnamed-side.png\",\"width\":2453,\"height\":500,\"caption\":\"Luca D'Ambrosio\"},\"logo\":{\"@id\":\"https:\\\/\\\/www.musicletter.it\\\/luca\\\/wp-content\\\/uploads\\\/2020\\\/04\\\/unnamed-side.png\"},\"description\":\"Luca D'Ambrosio (Sora, 1970) \u00e8 un blogger appassionato di musica. Fondatore e responsabile del sito di informazione musicale e culturale Musicletter.it, in passato ha scritto per riviste e magazine online e ha contribuito a diverse pubblicazioni editoriali. \u00c8 stato consulente musicale di due programmi radiofonici della Rappresentanza in Italia della Commissione europea nonch\u00e9 ideatore del Premio nazionale per il giornalismo musicale sul web. Collaboratore di lunga data del MEI, il Meeting delle Etichette Indipendenti, dal 2012 fa parte della giuria delle Targhe Tenco. Per Arcana Edizioni ha scritto tre libri: \\\"La musica, per me\\\" (2018), \\\"Musica migrante\\\" (2019) e \\\"Musica per cani\\\" (2020). Inoltre ha conseguito dei riconoscimenti nell'ambito del Festival di Internazionale a Ferrara e del Festival Nazionale dei Conservatori a Frosinone. \\\"Voci Chiassose\\\" (1996) \u00e8 la sua prima pubblicazione autoprodotta, ristampata, sempre autonomamente, nel 2021. A febbraio 2023 entra a fa parte dei 150 membri della giuria della sala stampa, radio, tv e web del 73\u00b0 Festival di Sanremo.\",\"sameAs\":[\"https:\\\/\\\/www.musicletter.it\\\/luca\",\"https:\\\/\\\/www.facebook.com\\\/luca.dambrosio\",\"https:\\\/\\\/www.instagram\\\/lucadambrosio70\",\"https:\\\/\\\/www.linkedin.com\\\/in\\\/dambrosioluca\\\/\",\"https:\\\/\\\/x.com\\\/lucadambrosio\"]}]}<\/script>\r\n<!-- \/ Yoast SEO plugin. -->","yoast_head_json":{"title":"Il concerto del boss allo Stadio Flaminio &#8902; Il blog di Luca D&#039;Ambrosio","description":"Bruce Springsteen. Roma, Stadio Flaminio, 15 giugno 1988. Pi\u00f9 che un concerto fu una gita scolastica, una splendida giornata tra buoni amici.","robots":{"index":"index","follow":"follow","max-snippet":"max-snippet:-1","max-image-preview":"max-image-preview:large","max-video-preview":"max-video-preview:-1"},"canonical":"https:\/\/www.musicletter.it\/luca\/2021\/06\/21\/il-concerto-del-boss-allo-stadio-flaminio\/","og_locale":"it_IT","og_type":"article","og_title":"Il concerto del boss allo Stadio Flaminio &#8902; Il blog di Luca D&#039;Ambrosio","og_description":"Bruce Springsteen. Roma, Stadio Flaminio, 15 giugno 1988. Pi\u00f9 che un concerto fu una gita scolastica, una splendida giornata tra buoni amici.","og_url":"https:\/\/www.musicletter.it\/luca\/2021\/06\/21\/il-concerto-del-boss-allo-stadio-flaminio\/","og_site_name":"Il blog di Luca D&#039;Ambrosio","article_publisher":"https:\/\/www.facebook.com\/luca.dambrosio","article_author":"https:\/\/www.facebook.com\/luca.dambrosio","article_published_time":"2021-06-21T08:18:57+00:00","article_modified_time":"2021-06-21T08:19:02+00:00","og_image":[{"width":530,"height":340,"url":"https:\/\/www.musicletter.it\/luca\/wp-content\/uploads\/2021\/06\/bruce.jpg","type":"image\/jpeg"}],"author":"Luca D'Ambrosio","twitter_card":"summary_large_image","twitter_creator":"@lucadambrosio","twitter_site":"@lucadambrosio","twitter_misc":{"Scritto da":"Luca D'Ambrosio","Tempo di lettura stimato":"1 minuto"},"schema":{"@context":"https:\/\/schema.org","@graph":[{"@type":"NewsArticle","@id":"https:\/\/www.musicletter.it\/luca\/2021\/06\/21\/il-concerto-del-boss-allo-stadio-flaminio\/#article","isPartOf":{"@id":"https:\/\/www.musicletter.it\/luca\/2021\/06\/21\/il-concerto-del-boss-allo-stadio-flaminio\/"},"author":{"name":"Luca D'Ambrosio","@id":"https:\/\/www.musicletter.it\/luca\/#\/schema\/person\/08de73e3eb2c4dc14f20c44f89e021ac"},"headline":"Il concerto del boss allo Stadio Flaminio","datePublished":"2021-06-21T08:18:57+00:00","dateModified":"2021-06-21T08:19:02+00:00","mainEntityOfPage":{"@id":"https:\/\/www.musicletter.it\/luca\/2021\/06\/21\/il-concerto-del-boss-allo-stadio-flaminio\/"},"wordCount":114,"publisher":{"@id":"https:\/\/www.musicletter.it\/luca\/#\/schema\/person\/08de73e3eb2c4dc14f20c44f89e021ac"},"image":{"@id":"https:\/\/www.musicletter.it\/luca\/2021\/06\/21\/il-concerto-del-boss-allo-stadio-flaminio\/#primaryimage"},"thumbnailUrl":"https:\/\/www.musicletter.it\/luca\/wp-content\/uploads\/2021\/06\/bruce.jpg","keywords":["Bruce Springsteen"],"articleSection":["musica"],"inLanguage":"it-IT"},{"@type":"WebPage","@id":"https:\/\/www.musicletter.it\/luca\/2021\/06\/21\/il-concerto-del-boss-allo-stadio-flaminio\/","url":"https:\/\/www.musicletter.it\/luca\/2021\/06\/21\/il-concerto-del-boss-allo-stadio-flaminio\/","name":"Il concerto del boss allo Stadio Flaminio &#8902; Il blog di Luca D&#039;Ambrosio","isPartOf":{"@id":"https:\/\/www.musicletter.it\/luca\/#website"},"primaryImageOfPage":{"@id":"https:\/\/www.musicletter.it\/luca\/2021\/06\/21\/il-concerto-del-boss-allo-stadio-flaminio\/#primaryimage"},"image":{"@id":"https:\/\/www.musicletter.it\/luca\/2021\/06\/21\/il-concerto-del-boss-allo-stadio-flaminio\/#primaryimage"},"thumbnailUrl":"https:\/\/www.musicletter.it\/luca\/wp-content\/uploads\/2021\/06\/bruce.jpg","datePublished":"2021-06-21T08:18:57+00:00","dateModified":"2021-06-21T08:19:02+00:00","description":"Bruce Springsteen. Roma, Stadio Flaminio, 15 giugno 1988. Pi\u00f9 che un concerto fu una gita scolastica, una splendida giornata tra buoni amici.","breadcrumb":{"@id":"https:\/\/www.musicletter.it\/luca\/2021\/06\/21\/il-concerto-del-boss-allo-stadio-flaminio\/#breadcrumb"},"inLanguage":"it-IT","potentialAction":[{"@type":"ReadAction","target":["https:\/\/www.musicletter.it\/luca\/2021\/06\/21\/il-concerto-del-boss-allo-stadio-flaminio\/"]}]},{"@type":"ImageObject","inLanguage":"it-IT","@id":"https:\/\/www.musicletter.it\/luca\/2021\/06\/21\/il-concerto-del-boss-allo-stadio-flaminio\/#primaryimage","url":"https:\/\/www.musicletter.it\/luca\/wp-content\/uploads\/2021\/06\/bruce.jpg","contentUrl":"https:\/\/www.musicletter.it\/luca\/wp-content\/uploads\/2021\/06\/bruce.jpg","width":530,"height":340,"caption":"Bruce Springsteen. Roma, 15 giugno 1988."},{"@type":"BreadcrumbList","@id":"https:\/\/www.musicletter.it\/luca\/2021\/06\/21\/il-concerto-del-boss-allo-stadio-flaminio\/#breadcrumb","itemListElement":[{"@type":"ListItem","position":1,"name":"Home","item":"https:\/\/www.musicletter.it\/luca\/"},{"@type":"ListItem","position":2,"name":"musica","item":"https:\/\/www.musicletter.it\/luca\/musica\/"},{"@type":"ListItem","position":3,"name":"Il concerto del boss allo Stadio Flaminio"}]},{"@type":"WebSite","@id":"https:\/\/www.musicletter.it\/luca\/#website","url":"https:\/\/www.musicletter.it\/luca\/","name":"Il blog di Luca D'Ambrosio (L'amore per un disco \u00e8 un sentimento reale)","description":"L&#039;amore per un disco \u00e8 un sentimento reale","publisher":{"@id":"https:\/\/www.musicletter.it\/luca\/#\/schema\/person\/08de73e3eb2c4dc14f20c44f89e021ac"},"potentialAction":[{"@type":"SearchAction","target":{"@type":"EntryPoint","urlTemplate":"https:\/\/www.musicletter.it\/luca\/?s={search_term_string}"},"query-input":{"@type":"PropertyValueSpecification","valueRequired":true,"valueName":"search_term_string"}}],"inLanguage":"it-IT"},{"@type":["Person","Organization"],"@id":"https:\/\/www.musicletter.it\/luca\/#\/schema\/person\/08de73e3eb2c4dc14f20c44f89e021ac","name":"Luca D'Ambrosio","image":{"@type":"ImageObject","inLanguage":"it-IT","@id":"https:\/\/www.musicletter.it\/luca\/wp-content\/uploads\/2020\/04\/unnamed-side.png","url":"https:\/\/www.musicletter.it\/luca\/wp-content\/uploads\/2020\/04\/unnamed-side.png","contentUrl":"https:\/\/www.musicletter.it\/luca\/wp-content\/uploads\/2020\/04\/unnamed-side.png","width":2453,"height":500,"caption":"Luca D'Ambrosio"},"logo":{"@id":"https:\/\/www.musicletter.it\/luca\/wp-content\/uploads\/2020\/04\/unnamed-side.png"},"description":"Luca D'Ambrosio (Sora, 1970) \u00e8 un blogger appassionato di musica. Fondatore e responsabile del sito di informazione musicale e culturale Musicletter.it, in passato ha scritto per riviste e magazine online e ha contribuito a diverse pubblicazioni editoriali. \u00c8 stato consulente musicale di due programmi radiofonici della Rappresentanza in Italia della Commissione europea nonch\u00e9 ideatore del Premio nazionale per il giornalismo musicale sul web. Collaboratore di lunga data del MEI, il Meeting delle Etichette Indipendenti, dal 2012 fa parte della giuria delle Targhe Tenco. Per Arcana Edizioni ha scritto tre libri: \"La musica, per me\" (2018), \"Musica migrante\" (2019) e \"Musica per cani\" (2020). Inoltre ha conseguito dei riconoscimenti nell'ambito del Festival di Internazionale a Ferrara e del Festival Nazionale dei Conservatori a Frosinone. \"Voci Chiassose\" (1996) \u00e8 la sua prima pubblicazione autoprodotta, ristampata, sempre autonomamente, nel 2021. A febbraio 2023 entra a fa parte dei 150 membri della giuria della sala stampa, radio, tv e web del 73\u00b0 Festival di Sanremo.","sameAs":["https:\/\/www.musicletter.it\/luca","https:\/\/www.facebook.com\/luca.dambrosio","https:\/\/www.instagram\/lucadambrosio70","https:\/\/www.linkedin.com\/in\/dambrosioluca\/","https:\/\/x.com\/lucadambrosio"]}]}},"_links":{"self":[{"href":"https:\/\/www.musicletter.it\/luca\/wp-json\/wp\/v2\/posts\/865","targetHints":{"allow":["GET"]}}],"collection":[{"href":"https:\/\/www.musicletter.it\/luca\/wp-json\/wp\/v2\/posts"}],"about":[{"href":"https:\/\/www.musicletter.it\/luca\/wp-json\/wp\/v2\/types\/post"}],"author":[{"embeddable":true,"href":"https:\/\/www.musicletter.it\/luca\/wp-json\/wp\/v2\/users\/1"}],"replies":[{"embeddable":true,"href":"https:\/\/www.musicletter.it\/luca\/wp-json\/wp\/v2\/comments?post=865"}],"version-history":[{"count":1,"href":"https:\/\/www.musicletter.it\/luca\/wp-json\/wp\/v2\/posts\/865\/revisions"}],"predecessor-version":[{"id":867,"href":"https:\/\/www.musicletter.it\/luca\/wp-json\/wp\/v2\/posts\/865\/revisions\/867"}],"wp:featuredmedia":[{"embeddable":true,"href":"https:\/\/www.musicletter.it\/luca\/wp-json\/wp\/v2\/media\/866"}],"wp:attachment":[{"href":"https:\/\/www.musicletter.it\/luca\/wp-json\/wp\/v2\/media?parent=865"}],"wp:term":[{"taxonomy":"category","embeddable":true,"href":"https:\/\/www.musicletter.it\/luca\/wp-json\/wp\/v2\/categories?post=865"},{"taxonomy":"post_tag","embeddable":true,"href":"https:\/\/www.musicletter.it\/luca\/wp-json\/wp\/v2\/tags?post=865"}],"curies":[{"name":"wp","href":"https:\/\/api.w.org\/{rel}","templated":true}]}}